{"id":4388,"date":"2024-10-28T21:02:25","date_gmt":"2024-10-28T21:02:25","guid":{"rendered":"https:\/\/marilenepaiva.com\/?p=4388"},"modified":"2024-10-28T21:02:26","modified_gmt":"2024-10-28T21:02:26","slug":"gente-de-fato-29-de-outubro-de-2024","status":"publish","type":"post","link":"https:\/\/marilenepaiva.com\/?p=4388","title":{"rendered":"GENTE DE FATO 29 DE OUTUBRO DE 2024"},"content":{"rendered":"\n<p class=\"has-large-font-size\"><strong>FOR\u00c7A E REPRESENTATIVIDADE<\/strong><\/p>\n\n\n\n<p class=\"has-black-color has-text-color has-link-color wp-elements-eac06547ef0dbf2445619dbd53fc787c\">A advogada Lorena Gualberto \u00e9 forte candidata \u00e0 presid\u00eancia da subse\u00e7\u00e3o da OAB em Mossor\u00f3, para o tri\u00eanio 2025-2028. A chapa que ela encabe\u00e7a, tendo como parceiro e candidato a vice, o advogado Am\u00e9rico Bento, foi registrada na sexta-feira passada, dia 25. Tendo como slogan \u201cFor\u00e7a e Representatividade\u201d, a chapa de Lorena e Am\u00e9rico traz a miss\u00e3o de empoderar vozes e promover a representatividade na OAB, enfatizando a necessidade de fortalecer a defesa dos direitos da classe e a import\u00e2ncia de uma renova\u00e7\u00e3o vigorosa na entidade.<\/p>\n\n\n\n<div class=\"wp-block-columns is-layout-flex wp-container-core-columns-is-layout-9d6595d7 wp-block-columns-is-layout-flex\">\n<div class=\"wp-block-column is-layout-flow wp-block-column-is-layout-flow\" style=\"flex-basis:100%\"><div class=\"wp-block-image\">\n<figure class=\"aligncenter size-large is-resized\"><img decoding=\"async\" src=\"https:\/\/marilenepaiva.com\/wp-content\/uploads\/2024\/10\/Imagem-do-WhatsApp-de-2024-04-04-as-08.53.06_7c569f46-1024x241.jpg\" alt=\"\" class=\"wp-image-4355\" style=\"width:416px;height:auto\"\/><\/figure>\n<\/div><\/div>\n<\/div>\n\n\n\n<p class=\"has-large-font-size\"><strong>R\u00c9VEILLON NO ACONCHEGO<\/strong><\/p>\n\n\n\n<p class=\"has-black-color has-text-color has-link-color has-medium-font-size wp-elements-2df98f7779343c87fe523b6c68644989\">Todo mundo fala em virada de ano na praia, mas, voc\u00ea j\u00e1 pensou em ver 2025 chegar no aconchego da Pousada Rancho da Serra em Martins? Os pacotes j\u00e1 est\u00e3o dispon\u00edveis para voc\u00ea adquirir e oferecem: caf\u00e9 da manh\u00e3; ch\u00e1 da tarde; almo\u00e7o; city tour pelos pontos tur\u00edsticos mais charmosos de Martins \u00e0 bordo de um jeep cheio de estilo; passeio em um mini fusca pelas \u00e1reas internas do Rancho da Serra; al\u00e9m de uma massagem relaxante no SPA da pousada. S\u00e3o quatro dias de puro relax para come\u00e7ar 2025 com o p\u00e9 direito. Para saber mais, acesse o perfil @ranchodaserra no instagram.<\/p>\n\n\n\n<div class=\"wp-block-columns is-layout-flex wp-container-core-columns-is-layout-9d6595d7 wp-block-columns-is-layout-flex\">\n<div class=\"wp-block-column is-layout-flow wp-block-column-is-layout-flow\" style=\"flex-basis:100%\"><div class=\"wp-block-image\">\n<figure class=\"aligncenter size-full is-resized\"><img decoding=\"async\" src=\"https:\/\/marilenepaiva.com\/wp-content\/uploads\/2024\/10\/iate.jpg\" alt=\"\" class=\"wp-image-4354\" style=\"width:453px;height:auto\"\/><\/figure>\n<\/div><\/div>\n<\/div>\n\n\n\n<p class=\"has-large-font-size\"><strong>UNS E OUTROS&#8230;<\/strong><\/p>\n\n\n\n<p class=\"has-black-color has-text-color has-link-color has-medium-font-size wp-elements-fa493518ba6c852fbc06fd32ab1d0f2a\">N\u00f3s somos f\u00e3s do cerimonialista Walterlin Lopes e ficamos muito felizes com cada honraria concedida a ele. \u00c9 competente, dedicado e faz por merecer. Pr\u00f3xima quinta-feira, dia 31, \u00e0s 14h, ser\u00e1 condecorado em Sess\u00e3o Solene na Assembleia Legislativa do RN, em homenagem ao Dia do Cerimonialista.&nbsp;<\/p>\n\n\n\n<div class=\"wp-block-columns is-layout-flex wp-container-core-columns-is-layout-9d6595d7 wp-block-columns-is-layout-flex\">\n<div class=\"wp-block-column is-layout-flow wp-block-column-is-layout-flow\" style=\"flex-basis:100%\"><div class=\"wp-block-image\">\n<figure class=\"aligncenter size-full is-resized\"><img decoding=\"async\" src=\"https:\/\/marilenepaiva.com\/wp-content\/uploads\/2024\/10\/royalface.jpg\" alt=\"\" class=\"wp-image-4356\" style=\"width:316px;height:auto\"\/><\/figure>\n<\/div><\/div>\n<\/div>\n\n\n\n<p class=\"has-black-color has-text-color has-link-color has-medium-font-size wp-elements-97b0b5b5be08f644de40b57f761af971\">A elei\u00e7\u00e3o da OAB, agendada para o dia 25 de novembro, traz uma novidade: ser\u00e1 realizada de forma on-line, aumentando a acessibilidade e participa\u00e7\u00e3o dos advogados no processo eleitoral.<\/p>\n\n\n\n<div class=\"wp-block-columns is-layout-flex wp-container-core-columns-is-layout-9d6595d7 wp-block-columns-is-layout-flex\">\n<div class=\"wp-block-column is-layout-flow wp-block-column-is-layout-flow\" style=\"flex-basis:100%\"><div class=\"wp-block-image\">\n<figure class=\"aligncenter size-full is-resized\"><img decoding=\"async\" src=\"https:\/\/marilenepaiva.com\/wp-content\/uploads\/2024\/10\/serraboi.png\" alt=\"\" class=\"wp-image-4357\" style=\"width:324px;height:auto\"\/><\/figure>\n<\/div><\/div>\n<\/div>\n\n\n\n<p class=\"has-black-color has-text-color has-link-color has-medium-font-size wp-elements-f3ea8fc7d2c2fc4d6aa87ed33b8b9578\">Amanh\u00e3\u00e9 dia de conferir as novidades que a grife Carmen Steffens traz para a nova esta\u00e7\u00e3o. As lulus de plant\u00e3o podem esperar, vem muito luxo e glamour para voc\u00eas desfilarem seus pezinhos de Cinderela por a\u00ed.<\/p>\n\n\n\n<p class=\"has-black-color has-text-color has-link-color has-medium-font-size wp-elements-ccec79a6b2749e078efd96c95cb7caaa\">O convite para o coquetel de lan\u00e7amento assinado pela empres\u00e1ria S\u00e2nzia Fernandes e sua equipe chegou e informa: nova cole\u00e7\u00e3o Summer \u201925, dia 30 de outubro, \u00e0s 18h, na loja Carmen Steffens do Partage Shopping.<\/p>\n\n\n\n<div class=\"wp-block-columns is-layout-flex wp-container-core-columns-is-layout-9d6595d7 wp-block-columns-is-layout-flex\">\n<div class=\"wp-block-column is-layout-flow wp-block-column-is-layout-flow\" style=\"flex-basis:100%\"><div class=\"wp-block-image\">\n<figure class=\"aligncenter size-full is-resized\"><img decoding=\"async\" src=\"https:\/\/marilenepaiva.com\/wp-content\/uploads\/2024\/10\/22.png\" alt=\"\" class=\"wp-image-4352\" style=\"width:286px;height:auto\"\/><\/figure>\n<\/div><\/div>\n<\/div>\n\n\n\n<p class=\"has-black-color has-text-color has-link-color has-medium-font-size wp-elements-8f5aa236e32a3131dde1837c5bd5da5e\">Nota mil para a iniciativa do casal Sheila Franco e Cleciano Galdino, que promove amanh\u00e3, o \u201cMenu Especial Outubro Rosa\u201d, evento beneficente em prol do Hospital do C\u00e2ncer. Quer saber mais e participar, ligue:(84) 98187-3421.<\/p>\n\n\n\n<div class=\"wp-block-columns is-layout-flex wp-container-core-columns-is-layout-9d6595d7 wp-block-columns-is-layout-flex\">\n<div class=\"wp-block-column is-layout-flow wp-block-column-is-layout-flow\" style=\"flex-basis:100%\"><div class=\"wp-block-image\">\n<figure class=\"aligncenter size-full is-resized\"><img decoding=\"async\" src=\"https:\/\/marilenepaiva.com\/wp-content\/uploads\/2024\/10\/trattoria.png\" alt=\"\" class=\"wp-image-4358\" style=\"width:278px;height:auto\"\/><\/figure>\n<\/div><\/div>\n<\/div>\n\n\n\n<p class=\"has-black-color has-text-color has-link-color has-medium-font-size wp-elements-240188ed837784d8b1a7c9aae471aeae\">A nova assinatura gastron\u00f4mica do Garbos Recep\u00e7\u00f5es agora tem o timbre Junior Sousa ToGo, que ser\u00e1 apresentado oficialmente amanh\u00e3, \u00e0s 19h, em coquetel no Garbos Le Jardin.\u00a0<\/p>\n\n\n\n<div class=\"wp-block-columns is-layout-flex wp-container-core-columns-is-layout-9d6595d7 wp-block-columns-is-layout-flex\">\n<div class=\"wp-block-column is-layout-flow wp-block-column-is-layout-flow\" style=\"flex-basis:100%\"><div class=\"wp-block-image\">\n<figure class=\"aligncenter size-full is-resized\"><img decoding=\"async\" src=\"https:\/\/marilenepaiva.com\/wp-content\/uploads\/2024\/10\/Captura-de-tela-2024-02-19-222258.png\" alt=\"\" class=\"wp-image-4353\" style=\"width:269px;height:auto\"\/><\/figure>\n<\/div><\/div>\n<\/div>\n\n\n\n<p class=\"has-black-color has-text-color has-link-color has-medium-font-size wp-elements-47341c4bbca0b439e64f2ade5b930049\">Existe um f\u00e3-clube enorme das atra\u00e7\u00f5es que animam a festa da Chega Mais Beach, dia 2 de novembro, em Canoa Quebrada (CE), leia-se Nattan e Felipe Amorim. Os lotes de ingressos esgotam rapidinho. Al\u00e9m das atra\u00e7\u00f5es, vamos combinar que o local escolhido conta muito.<\/p>\n\n\n\n<p class=\"has-black-color has-text-color has-link-color has-medium-font-size wp-elements-92fcf2cf8fcecae36e162314d1adb334\">A coluna de hoje foi escrita interinamente por Rafaella Costa.<\/p>\n\n\n\n<div class=\"wp-block-columns is-layout-flex wp-container-core-columns-is-layout-9d6595d7 wp-block-columns-is-layout-flex\">\n<div class=\"wp-block-column is-layout-flow wp-block-column-is-layout-flow\" style=\"flex-basis:100%\"><div class=\"wp-block-image\">\n<figure class=\"aligncenter size-large\"><img decoding=\"async\" src=\"https:\/\/marilenepaiva.com\/wp-content\/uploads\/2024\/10\/F1-Marinaldo-Rocha-819x1024.jpeg\" alt=\"\" class=\"wp-image-4389\"\/><\/figure>\n<\/div><\/div>\n<\/div>\n\n\n\n<p><em>O dia, o m\u00eas, o ano, a vida toda de festa e desejo de alegrias e b\u00ean\u00e7\u00e3os para esse magn\u00edfico profissional da beleza que est\u00e1 aniversariando hoje. Feliz tudo, MarinaldoRocha! Voc\u00ea \u00e9 um ser humano espetacular. (FOTO: PAULO EDU)<\/em><\/p>\n\n\n\n<div class=\"wp-block-columns is-layout-flex wp-container-core-columns-is-layout-9d6595d7 wp-block-columns-is-layout-flex\">\n<div class=\"wp-block-column is-layout-flow wp-block-column-is-layout-flow\" style=\"flex-basis:100%\">\n<figure class=\"wp-block-image size-large\"><img decoding=\"async\" src=\"https:\/\/marilenepaiva.com\/wp-content\/uploads\/2024\/10\/F2-Jose-Jaime-Paiva-e-Iris-Bezerra-1024x924.jpeg\" alt=\"\" class=\"wp-image-4390\"\/><\/figure>\n<\/div>\n<\/div>\n\n\n\n<p><em>Jos\u00e9 Jaime Paiva passou o fim de semana em ritmo de festa para celebrar mais uma primavera da sua amada \u00cdris Bezerra. Desejamos sa\u00fade, paz e muito mais amor!<\/em><\/p>\n\n\n\n<div class=\"wp-block-columns is-layout-flex wp-container-core-columns-is-layout-9d6595d7 wp-block-columns-is-layout-flex\">\n<div class=\"wp-block-column is-layout-flow wp-block-column-is-layout-flow\" style=\"flex-basis:100%\"><div class=\"wp-block-image\">\n<figure class=\"aligncenter size-large\"><img decoding=\"async\" src=\"https:\/\/marilenepaiva.com\/wp-content\/uploads\/2024\/10\/F3-Daniela-Rosado-e-Irlanda-Carlos-625x1024.jpeg\" alt=\"\" class=\"wp-image-4391\"\/><\/figure>\n<\/div><\/div>\n<\/div>\n\n\n\n<p><em>Participando do Desafio Rosa, promovido pela Liga de Mossor\u00f3 de Estudos e Combate ao C\u00e2ncer, as queridas Daniela Rosado e Irlanda Carlos.<\/em><\/p>\n\n\n\n<div class=\"wp-block-columns is-layout-flex wp-container-core-columns-is-layout-9d6595d7 wp-block-columns-is-layout-flex\">\n<div class=\"wp-block-column is-layout-flow wp-block-column-is-layout-flow\" style=\"flex-basis:100%\"><div class=\"wp-block-image\">\n<figure class=\"aligncenter size-large\"><img decoding=\"async\" src=\"https:\/\/marilenepaiva.com\/wp-content\/uploads\/2024\/10\/F4-Lorena-Gualberto-780x1024.jpeg\" alt=\"\" class=\"wp-image-4392\"\/><\/figure>\n<\/div><\/div>\n<\/div>\n\n\n\n<p><em>A advogada Lorena Gualberto, j\u00e1 em ritmo de campanha, concorre \u00e0 presid\u00eancia da subse\u00e7\u00e3o da OAB em Mossor\u00f3, para o tri\u00eanio 2025-2028.<\/em><\/p>\n\n\n\n<p><\/p>\n","protected":false},"excerpt":{"rendered":"<p>FOR\u00c7A E REPRESENTATIVIDADE A advogada Lorena Gualberto \u00e9 forte candidata \u00e0 presid\u00eancia da subse\u00e7\u00e3o da OAB em Mossor\u00f3, para o tri\u00eanio 2025-2028. A chapa que ela encabe\u00e7a, tendo como parceiro e candidato a vice, o advogado Am\u00e9rico Bento, foi registrada na sexta-feira passada, dia 25. Tendo como slogan \u201cFor\u00e7a e Representatividade\u201d, a chapa de Lorena [&hellip;]<\/p>\n","protected":false},"author":1,"featured_media":0,"comment_status":"open","ping_status":"open","sticky":true,"template":"","format":"standard","meta":{"footnotes":""},"categories":[3],"tags":[],"class_list":["post-4388","post","type-post","status-publish","format-standard","hentry","category-colunas"],"_links":{"self":[{"href":"https:\/\/marilenepaiva.com\/index.php?rest_route=\/wp\/v2\/posts\/4388","targetHints":{"allow":["GET"]}}],"collection":[{"href":"https:\/\/marilenepaiva.com\/index.php?rest_route=\/wp\/v2\/posts"}],"about":[{"href":"https:\/\/marilenepaiva.com\/index.php?rest_route=\/wp\/v2\/types\/post"}],"author":[{"embeddable":true,"href":"https:\/\/marilenepaiva.com\/index.php?rest_route=\/wp\/v2\/users\/1"}],"replies":[{"embeddable":true,"href":"https:\/\/marilenepaiva.com\/index.php?rest_route=%2Fwp%2Fv2%2Fcomments&post=4388"}],"version-history":[{"count":1,"href":"https:\/\/marilenepaiva.com\/index.php?rest_route=\/wp\/v2\/posts\/4388\/revisions"}],"predecessor-version":[{"id":4393,"href":"https:\/\/marilenepaiva.com\/index.php?rest_route=\/wp\/v2\/posts\/4388\/revisions\/4393"}],"wp:attachment":[{"href":"https:\/\/marilenepaiva.com\/index.php?rest_route=%2Fwp%2Fv2%2Fmedia&parent=4388"}],"wp:term":[{"taxonomy":"category","embeddable":true,"href":"https:\/\/marilenepaiva.com\/index.php?rest_route=%2Fwp%2Fv2%2Fcategories&post=4388"},{"taxonomy":"post_tag","embeddable":true,"href":"https:\/\/marilenepaiva.com\/index.php?rest_route=%2Fwp%2Fv2%2Ftags&post=4388"}],"curies":[{"name":"wp","href":"https:\/\/api.w.org\/{rel}","templated":true}]}}