{"id":4394,"date":"2024-10-29T15:08:51","date_gmt":"2024-10-29T15:08:51","guid":{"rendered":"https:\/\/marilenepaiva.com\/?p=4394"},"modified":"2024-10-29T15:08:53","modified_gmt":"2024-10-29T15:08:53","slug":"gente-de-fato-30-de-outubro-de-2024","status":"publish","type":"post","link":"https:\/\/marilenepaiva.com\/?p=4394","title":{"rendered":"GENTE DE FATO 30 DE OUTUBRO DE 2024"},"content":{"rendered":"\n<p class=\"has-large-font-size\"><strong>DO SALTO A RASTEIRA<\/strong><\/p>\n\n\n\n<p class=\"has-black-color has-text-color has-link-color has-medium-font-size wp-elements-931e9eabcff83550c124a30c5141ef8b\">S\u00e2nzia Fernandes e equipe Carmen Steffens convidam para conhecer a nova cole\u00e7\u00e3o Summer \u201925, hoje, \u00e0s 18h, na loja Carmen Steffens do Partage Shopping Mossor\u00f3. Pe\u00e7as cuidadosamente criadas, que celebram a uni\u00e3o do cl\u00e1ssico com o moderno e um toque de sofistica\u00e7\u00e3o. Muita delicadeza nos acabamentos e as novas tend\u00eancias da esta\u00e7\u00e3o.&nbsp;<\/p>\n\n\n\n<div class=\"wp-block-columns is-layout-flex wp-container-core-columns-is-layout-9d6595d7 wp-block-columns-is-layout-flex\">\n<div class=\"wp-block-column is-layout-flow wp-block-column-is-layout-flow\" style=\"flex-basis:100%\"><div class=\"wp-block-image\">\n<figure class=\"aligncenter size-full is-resized\"><img decoding=\"async\" src=\"https:\/\/marilenepaiva.com\/wp-content\/uploads\/2024\/10\/iate.jpg\" alt=\"\" class=\"wp-image-4354\" style=\"width:381px;height:auto\"\/><\/figure>\n<\/div><\/div>\n<\/div>\n\n\n\n<p class=\"has-large-font-size\"><strong>NOVOS SABORES<\/strong><\/p>\n\n\n\n<p class=\"has-black-color has-text-color has-link-color has-medium-font-size wp-elements-ea33fe5ba8cbecc8c9aeb2e79a554fb3\">Ser\u00e1 apresentado oficialmente hoje, em coquetel no Garbos Le Jardin, \u00e0s 19h, o novo chef de buffet do Garbos Recep\u00e7\u00f5es: Junior Sousa ToGo \u00e9 o nome! S\u00e3o estrelas que se complementam, o espa\u00e7o e o profissional, ambos reconhecidamente aprovados por todos que contratam. Uma parceria de muito sucesso, sem d\u00favida alguma.<\/p>\n\n\n\n<div class=\"wp-block-columns is-layout-flex wp-container-core-columns-is-layout-9d6595d7 wp-block-columns-is-layout-flex\">\n<div class=\"wp-block-column is-layout-flow wp-block-column-is-layout-flow\" style=\"flex-basis:100%\"><div class=\"wp-block-image\">\n<figure class=\"aligncenter size-full is-resized\"><img decoding=\"async\" src=\"https:\/\/marilenepaiva.com\/wp-content\/uploads\/2024\/10\/royalface.jpg\" alt=\"\" class=\"wp-image-4356\" style=\"width:308px;height:auto\"\/><\/figure>\n<\/div><\/div>\n<\/div>\n\n\n\n<p class=\"has-large-font-size\"><strong>UNS E OUTROS&#8230;<\/strong><\/p>\n\n\n\n<p class=\"has-black-color has-text-color has-link-color has-medium-font-size wp-elements-04f80751d6a30500fabcd4dc5584846e\">Mudou a data do jantar beneficente promovido pelos queridos Sheila Franco e Cleciano Galdino, no Restaurante Trattoria. Ser\u00e1 amanh\u00e3, dia 31, \u00e0s 20h, e n\u00e3o mais hoje, conforme hav\u00edamos anunciado.<\/p>\n\n\n\n<div class=\"wp-block-columns is-layout-flex wp-container-core-columns-is-layout-9d6595d7 wp-block-columns-is-layout-flex\">\n<div class=\"wp-block-column is-layout-flow wp-block-column-is-layout-flow\" style=\"flex-basis:100%\"><div class=\"wp-block-image\">\n<figure class=\"aligncenter size-large is-resized\"><img decoding=\"async\" src=\"https:\/\/marilenepaiva.com\/wp-content\/uploads\/2024\/10\/Imagem-do-WhatsApp-de-2024-04-04-as-08.53.06_7c569f46-1024x241.jpg\" alt=\"\" class=\"wp-image-4355\" style=\"width:442px;height:auto\"\/><\/figure>\n<\/div><\/div>\n<\/div>\n\n\n\n<p class=\"has-black-color has-text-color has-link-color has-medium-font-size wp-elements-75687652db52746ca70c95bfb7ce6f00\">Esse evento do Trattoria acontece em prol do Outubro Rosa, em parceria com a Unidade de Alta Complexidade em Oncologia (UNACON) e Hospital Wilson Rosado. Sheila e Cleciano s\u00e3o exemplos de solidariedade.<\/p>\n\n\n\n<div class=\"wp-block-columns is-layout-flex wp-container-core-columns-is-layout-9d6595d7 wp-block-columns-is-layout-flex\">\n<div class=\"wp-block-column is-layout-flow wp-block-column-is-layout-flow\" style=\"flex-basis:100%\"><div class=\"wp-block-image\">\n<figure class=\"aligncenter size-full is-resized\"><img decoding=\"async\" src=\"https:\/\/marilenepaiva.com\/wp-content\/uploads\/2024\/10\/trattoria.png\" alt=\"\" class=\"wp-image-4358\" style=\"width:274px;height:auto\"\/><\/figure>\n<\/div><\/div>\n<\/div>\n\n\n\n<p class=\"has-black-color has-text-color has-link-color has-medium-font-size wp-elements-fffc4b44c42b50911e3e9a0e9639c1f6\">O Abrigo Amantino C\u00e2mara est\u00e1 precisando de sua ajuda com urg\u00eancia! V\u00e1rios itens est\u00e3o em falta, entre eles: ado\u00e7ante, amido de milho, aveia, leite desnatado e zero lactose, fraldas XG ou EG, hidratante e shampoo. A ajuda pode ser via pix tamb\u00e9m. Para saber mais: (84) 3321-4653.<\/p>\n\n\n\n<div class=\"wp-block-columns is-layout-flex wp-container-core-columns-is-layout-9d6595d7 wp-block-columns-is-layout-flex\">\n<div class=\"wp-block-column is-layout-flow wp-block-column-is-layout-flow\" style=\"flex-basis:100%\"><div class=\"wp-block-image\">\n<figure class=\"aligncenter size-full is-resized\"><img decoding=\"async\" src=\"https:\/\/marilenepaiva.com\/wp-content\/uploads\/2024\/10\/serraboi.png\" alt=\"\" class=\"wp-image-4357\" style=\"width:264px;height:auto\"\/><\/figure>\n<\/div><\/div>\n<\/div>\n\n\n\n<p class=\"has-black-color has-text-color has-link-color has-medium-font-size wp-elements-529a5e7e1a0776c819cae5370e0afa88\">A CASACOR Cear\u00e1 est\u00e1 aberta e o deslumbre dos 40 ambientes criados por 54 talentos profissionais do design e decora\u00e7\u00e3o, seguem encantando at\u00e9 8 de dezembro. Com o tema \u201cDe Presente, o Agora\u201d, a mostra homenageia Preto Zez\u00e9 e Severino Ramalho Neto, dois grandes e importantes nomes do Cear\u00e1.<\/p>\n\n\n\n<div class=\"wp-block-columns is-layout-flex wp-container-core-columns-is-layout-9d6595d7 wp-block-columns-is-layout-flex\">\n<div class=\"wp-block-column is-layout-flow wp-block-column-is-layout-flow\" style=\"flex-basis:100%\"><div class=\"wp-block-image\">\n<figure class=\"aligncenter size-full is-resized\"><img decoding=\"async\" src=\"https:\/\/marilenepaiva.com\/wp-content\/uploads\/2024\/10\/22.png\" alt=\"\" class=\"wp-image-4352\" style=\"width:226px;height:auto\"\/><\/figure>\n<\/div><\/div>\n<\/div>\n\n\n\n<p class=\"has-black-color has-text-color has-link-color has-medium-font-size wp-elements-c17c3b8f3f62ae8f1dd60f3834503b3a\">Quando novembro chegar, n\u00e3o precisa dizer nada, mas, Canoa Quebrada dar\u00e1 todos os sinais de que estar\u00e1 lotada durante o primeiro feriado do m\u00eas, com a turma indo curtir os shows de Nattan e Felipe Amorimna Barraca Chega Mais Beach. Vendas de ingressos pelo brasilticket.com.br.<\/p>\n\n\n\n<div class=\"wp-block-columns is-layout-flex wp-container-core-columns-is-layout-9d6595d7 wp-block-columns-is-layout-flex\">\n<div class=\"wp-block-column is-layout-flow wp-block-column-is-layout-flow\" style=\"flex-basis:100%\"><div class=\"wp-block-image\">\n<figure class=\"aligncenter size-full is-resized\"><img decoding=\"async\" src=\"https:\/\/marilenepaiva.com\/wp-content\/uploads\/2024\/10\/Captura-de-tela-2024-02-19-222258.png\" alt=\"\" class=\"wp-image-4353\" style=\"width:256px;height:auto\"\/><\/figure>\n<\/div><\/div>\n<\/div>\n\n\n\n<p class=\"has-black-color has-text-color has-link-color has-medium-font-size wp-elements-a21890d2503465651d08c8809cfd24ce\">As pessoas felizes, elas s\u00e3o maravilhosas, nunca perdem tempo com bobagens, pois est\u00e3o sempre ocupadas vivendo a sua felicidade.<\/p>\n\n\n\n<p class=\"has-black-color has-text-color has-link-color has-medium-font-size wp-elements-92fcf2cf8fcecae36e162314d1adb334\">A coluna de hoje foi escrita interinamente por Rafaella Costa.<\/p>\n\n\n\n<div class=\"wp-block-columns is-layout-flex wp-container-core-columns-is-layout-9d6595d7 wp-block-columns-is-layout-flex\">\n<div class=\"wp-block-column is-layout-flow wp-block-column-is-layout-flow\" style=\"flex-basis:100%\"><div class=\"wp-block-image\">\n<figure class=\"aligncenter size-large\"><img decoding=\"async\" src=\"https:\/\/marilenepaiva.com\/wp-content\/uploads\/2024\/10\/F1-Sanzia-Jean-Carlo-e-Matheus-1021x1024.jpeg\" alt=\"\" class=\"wp-image-4395\"\/><\/figure>\n<\/div><\/div>\n<\/div>\n\n\n\n<p><em>S\u00e2nzia Fernandes recebe clientes e amigas hoje na sua Carmen Steffens do Partage Shopping Mossor\u00f3 para apresentar nova cole\u00e7\u00e3o, a partir das 18h. No click, com o amado Jean Carlo e o filhote Matheus.<\/em><\/p>\n\n\n\n<div class=\"wp-block-columns is-layout-flex wp-container-core-columns-is-layout-9d6595d7 wp-block-columns-is-layout-flex\">\n<div class=\"wp-block-column is-layout-flow wp-block-column-is-layout-flow\" style=\"flex-basis:100%\"><div class=\"wp-block-image\">\n<figure class=\"aligncenter size-large\"><img decoding=\"async\" src=\"https:\/\/marilenepaiva.com\/wp-content\/uploads\/2024\/10\/F2-Zuleide-Saboya-653x1024.jpeg\" alt=\"\" class=\"wp-image-4396\"\/><\/figure>\n<\/div><\/div>\n<\/div>\n\n\n\n<p><em>Zuleide Saboya celebra seus 90 anos hoje e ser\u00e1 homenageada durante Amostra Cultural do Instituto Alvorada, \u00e0s 19h, com o tema \u201cSonho \u2013 Luz e Legado\u201d.<\/em><\/p>\n\n\n\n<div class=\"wp-block-columns is-layout-flex wp-container-core-columns-is-layout-9d6595d7 wp-block-columns-is-layout-flex\">\n<div class=\"wp-block-column is-layout-flow wp-block-column-is-layout-flow\" style=\"flex-basis:100%\"><div class=\"wp-block-image\">\n<figure class=\"aligncenter size-large\"><img decoding=\"async\" src=\"https:\/\/marilenepaiva.com\/wp-content\/uploads\/2024\/10\/F3-Lara-e-Luana-Gois-Bebel-Mendes-e-Natasha-726x1024.jpeg\" alt=\"\" class=\"wp-image-4397\"\/><\/figure>\n<\/div><\/div>\n<\/div>\n\n\n\n<p><em>Em fim de semana de Halloween, o encontro das manas Lara e Luana G\u00f3is, com as amigas Bebel Mendes e Natasha Mendes.<\/em><\/p>\n\n\n\n<div class=\"wp-block-columns is-layout-flex wp-container-core-columns-is-layout-9d6595d7 wp-block-columns-is-layout-flex\">\n<div class=\"wp-block-column is-layout-flow wp-block-column-is-layout-flow\" style=\"flex-basis:100%\"><div class=\"wp-block-image\">\n<figure class=\"aligncenter size-large\"><img decoding=\"async\" src=\"https:\/\/marilenepaiva.com\/wp-content\/uploads\/2024\/10\/F4-Debora-Franca-e-Beatriz-Amorim-ao-lado-dos-socios-celebridades-Flavia-Alessandra-e-Otaviano-Costa-683x1024.jpeg\" alt=\"\" class=\"wp-image-4398\"\/><\/figure>\n<\/div><\/div>\n<\/div>\n\n\n\n<p><em>Participando da 3\u00aa Conven\u00e7\u00e3o de Franqueados Royal Face em S\u00e3o Paulo, as s\u00f3cias da franquia Mossor\u00f3, D\u00e9bora Fran\u00e7a e Beatriz Amorim, ao lado dos s\u00f3cios-celebridades Fl\u00e1via Alessandra e Otaviano Costa.<\/em><\/p>\n\n\n\n<p><\/p>\n","protected":false},"excerpt":{"rendered":"<p>DO SALTO A RASTEIRA S\u00e2nzia Fernandes e equipe Carmen Steffens convidam para conhecer a nova cole\u00e7\u00e3o Summer \u201925, hoje, \u00e0s 18h, na loja Carmen Steffens do Partage Shopping Mossor\u00f3. Pe\u00e7as cuidadosamente criadas, que celebram a uni\u00e3o do cl\u00e1ssico com o moderno e um toque de sofistica\u00e7\u00e3o. Muita delicadeza nos acabamentos e as novas tend\u00eancias da [&hellip;]<\/p>\n","protected":false},"author":1,"featured_media":0,"comment_status":"open","ping_status":"open","sticky":true,"template":"","format":"standard","meta":{"footnotes":""},"categories":[3],"tags":[],"class_list":["post-4394","post","type-post","status-publish","format-standard","hentry","category-colunas"],"_links":{"self":[{"href":"https:\/\/marilenepaiva.com\/index.php?rest_route=\/wp\/v2\/posts\/4394","targetHints":{"allow":["GET"]}}],"collection":[{"href":"https:\/\/marilenepaiva.com\/index.php?rest_route=\/wp\/v2\/posts"}],"about":[{"href":"https:\/\/marilenepaiva.com\/index.php?rest_route=\/wp\/v2\/types\/post"}],"author":[{"embeddable":true,"href":"https:\/\/marilenepaiva.com\/index.php?rest_route=\/wp\/v2\/users\/1"}],"replies":[{"embeddable":true,"href":"https:\/\/marilenepaiva.com\/index.php?rest_route=%2Fwp%2Fv2%2Fcomments&post=4394"}],"version-history":[{"count":1,"href":"https:\/\/marilenepaiva.com\/index.php?rest_route=\/wp\/v2\/posts\/4394\/revisions"}],"predecessor-version":[{"id":4399,"href":"https:\/\/marilenepaiva.com\/index.php?rest_route=\/wp\/v2\/posts\/4394\/revisions\/4399"}],"wp:attachment":[{"href":"https:\/\/marilenepaiva.com\/index.php?rest_route=%2Fwp%2Fv2%2Fmedia&parent=4394"}],"wp:term":[{"taxonomy":"category","embeddable":true,"href":"https:\/\/marilenepaiva.com\/index.php?rest_route=%2Fwp%2Fv2%2Fcategories&post=4394"},{"taxonomy":"post_tag","embeddable":true,"href":"https:\/\/marilenepaiva.com\/index.php?rest_route=%2Fwp%2Fv2%2Ftags&post=4394"}],"curies":[{"name":"wp","href":"https:\/\/api.w.org\/{rel}","templated":true}]}}