{"id":5859,"date":"2025-07-29T20:20:12","date_gmt":"2025-07-29T20:20:12","guid":{"rendered":"https:\/\/marilenepaiva.com\/?p=5859"},"modified":"2025-07-29T20:20:12","modified_gmt":"2025-07-29T20:20:12","slug":"presenca-news-30-de-julho-de-2025","status":"publish","type":"post","link":"https:\/\/marilenepaiva.com\/?p=5859","title":{"rendered":"PRESEN\u00c7A NEWS 30 DE JULHO DE 2025"},"content":{"rendered":"\n<blockquote class=\"wp-block-quote is-layout-flow wp-block-quote-is-layout-flow\">\n<p class=\"has-large-font-size\"><strong>ORFEU<\/strong><\/p>\n\n\n\n<p class=\"has-black-color has-text-color has-link-color has-medium-font-size wp-elements-16de7e4d0fc7997019f308f689c81720\"><em>&#8220;Saudade \u00e9 amar um passado que ainda n\u00e3o passou, \u00c9 recusar um presente que nos machuca, \u00c9 n\u00e3o ver o futuro que nos convida&#8230;&#8221;\u00a0<\/em><\/p>\n\n\n\n<p class=\"has-black-color has-text-color has-link-color has-small-font-size wp-elements-325c7b91d5fd41112d4fa5f1f0c611ef\">FERNANDO PESSOA<\/p>\n<\/blockquote>\n\n\n\n<div class=\"wp-block-columns is-layout-flex wp-container-core-columns-is-layout-9d6595d7 wp-block-columns-is-layout-flex\">\n<div class=\"wp-block-column is-layout-flow wp-block-column-is-layout-flow\" style=\"flex-basis:100%\"><div class=\"wp-block-image\">\n<figure class=\"aligncenter size-full is-resized\"><img decoding=\"async\" src=\"https:\/\/marilenepaiva.com\/wp-content\/uploads\/2025\/07\/royalface.jpg\" alt=\"\" class=\"wp-image-5751\" style=\"width:288px;height:auto\"\/><\/figure>\n<\/div><\/div>\n<\/div>\n\n\n\n<p class=\"has-large-font-size\"><strong>CHAMPANHE NO GELO<\/strong><\/p>\n\n\n\n<p class=\"has-black-color has-text-color has-link-color has-medium-font-size wp-elements-a97d4cdc3dfaf4890ef8e3446ad19ea3\">Apagam velinhas hoje: Cibele Silveira, Roberta Rosado, Bernardo Rosado, Oziel Peixoto, Yago Teixeira Rosado, J\u00falio C\u00e9zar Soares de Souza, Wanderlei da Silva, Helena Jacinta Belmont, Aril\u00facia Freire da Silva Guilherme, Eliane Maria Dias e Salete Lima. Parab\u00e9ns!!!<\/p>\n\n\n\n<div class=\"wp-block-columns is-layout-flex wp-container-core-columns-is-layout-9d6595d7 wp-block-columns-is-layout-flex\">\n<div class=\"wp-block-column is-layout-flow wp-block-column-is-layout-flow\" style=\"flex-basis:100%\"><div class=\"wp-block-image\">\n<figure class=\"aligncenter size-full is-resized\"><img decoding=\"async\" src=\"https:\/\/marilenepaiva.com\/wp-content\/uploads\/2025\/07\/iate.jpg\" alt=\"\" class=\"wp-image-5749\" style=\"width:353px;height:auto\"\/><\/figure>\n<\/div><\/div>\n<\/div>\n\n\n\n<p class=\"has-large-font-size\"><strong>VIOL\u00caNCIA QUE CHOCA<\/strong><\/p>\n\n\n\n<p class=\"has-black-color has-text-color has-link-color has-medium-font-size wp-elements-687339e2ea34c4d7a16e8a33ad9a00e4\">A sociedade brasileira se encontra estarrecida com o caso brutal de uma mulher que foi covardemente agredida com 61 socos. As imagens que circulam nas redes sociais escancaram o ciclo cruel da viol\u00eancia dom\u00e9stica, que ainda persiste em pleno s\u00e9culo XXI. \u00c9 urgente que a justi\u00e7a atue com rigor, e que a sociedade reforce a rede de prote\u00e7\u00e3o \u00e0s mulheres. N\u00e3o \u00e9 s\u00f3 um caso isolado \u2014 \u00e9 um grito por respeito, seguran\u00e7a e dignidade.<\/p>\n\n\n\n<div class=\"wp-block-columns is-layout-flex wp-container-core-columns-is-layout-9d6595d7 wp-block-columns-is-layout-flex\">\n<div class=\"wp-block-column is-layout-flow wp-block-column-is-layout-flow\" style=\"flex-basis:100%\"><div class=\"wp-block-image\">\n<figure class=\"aligncenter size-large is-resized\"><img decoding=\"async\" src=\"https:\/\/marilenepaiva.com\/wp-content\/uploads\/2025\/07\/Imagem-do-WhatsApp-de-2024-04-04-as-08.53.06_7c569f46-1024x241.jpg\" alt=\"\" class=\"wp-image-5750\" style=\"width:382px;height:auto\"\/><\/figure>\n<\/div><\/div>\n<\/div>\n\n\n\n<p class=\"has-large-font-size\"><strong>ESTREIA DO CURTA-METRAGEM \u201cCASA DO LOUVOR\u201d<\/strong><\/p>\n\n\n\n<p class=\"has-black-color has-text-color has-link-color has-medium-font-size wp-elements-75be8f0d5e98f9c02485bc1b91fcc82b\">Movimenta o interior do RN com cinema, forma\u00e7\u00e3o e economia criativa.<br>Realizado pela Cia Bagana de Teatro, com produ\u00e7\u00e3o da Traquitana Cultural, o filme \u00e9 uma adapta\u00e7\u00e3o da montagem teatral hom\u00f4nima da companhia, que ao longo dos anos tem se consolidado como uma das principais refer\u00eancias da cena cultural potiguar. Estreia com prop\u00f3sito! O curta \u201cCasa do Louvor \u2013 O Filme\u201d, dirigido por Marc\u00e9lia Cartaxo e Cristiane Fragoso, ter\u00e1 pr\u00e9-estreia em quatro cidades do RN: Mossor\u00f3, Flor\u00e2nia (30\/7) e Currais Novos (31\/7), sempre a 19h, dentro do Circuito BNB de Cultura. O filme foi gravado com artistas locais e ser\u00e1 exibido junto a oficinas de forma\u00e7\u00e3o em audiovisual. Uma a\u00e7\u00e3o que une arte, educa\u00e7\u00e3o e fomento \u00e0 economia criativa. A iniciativa, viabilizada com recursos da Lei Aldir Blanc, conta ainda com apoio da Funda\u00e7\u00e3o Jos\u00e9 Augusto (FJA), Secretaria Municipal de Cultura de Mossor\u00f3, Prefeituras Municipais e Banco do Nordeste. O projeto reafirma a import\u00e2ncia do audiovisual como ferramenta de educa\u00e7\u00e3o, forma\u00e7\u00e3o cidad\u00e3 e desenvolvimento econ\u00f4mico sustent\u00e1vel. O filme n\u00e3o s\u00f3 promete, emociona!<\/p>\n\n\n\n<figure class=\"wp-block-gallery has-nested-images columns-2 is-cropped wp-block-gallery-1 is-layout-flex wp-block-gallery-is-layout-flex\">\n<figure class=\"wp-block-image size-large\"><img decoding=\"async\" data-id=\"5752\" src=\"https:\/\/marilenepaiva.com\/wp-content\/uploads\/2025\/07\/serraboi.png\" alt=\"\" class=\"wp-image-5752\"\/><\/figure>\n\n\n\n<figure class=\"wp-block-image size-large\"><img decoding=\"async\" data-id=\"5753\" src=\"https:\/\/marilenepaiva.com\/wp-content\/uploads\/2025\/07\/trattoria.png\" alt=\"\" class=\"wp-image-5753\"\/><\/figure>\n\n\n\n<figure class=\"wp-block-image size-large\"><img decoding=\"async\" data-id=\"5747\" src=\"https:\/\/marilenepaiva.com\/wp-content\/uploads\/2025\/07\/22.png\" alt=\"\" class=\"wp-image-5747\"\/><\/figure>\n\n\n\n<figure class=\"wp-block-image size-large\"><img decoding=\"async\" data-id=\"5748\" src=\"https:\/\/marilenepaiva.com\/wp-content\/uploads\/2025\/07\/Captura-de-tela-2024-02-19-222258.png\" alt=\"\" class=\"wp-image-5748\"\/><\/figure>\n<\/figure>\n\n\n\n<p><\/p>\n\n\n\n<div class=\"wp-block-columns is-layout-flex wp-container-core-columns-is-layout-9d6595d7 wp-block-columns-is-layout-flex\">\n<div class=\"wp-block-column is-layout-flow wp-block-column-is-layout-flow\" style=\"flex-basis:100%\"><div class=\"wp-block-image\">\n<figure class=\"aligncenter size-large\"><img decoding=\"async\" src=\"https:\/\/marilenepaiva.com\/wp-content\/uploads\/2025\/07\/F1-18-644x1024.jpeg\" alt=\"\" class=\"wp-image-5860\"\/><\/figure>\n<\/div><\/div>\n<\/div>\n\n\n\n<p class=\"has-black-color has-text-color has-link-color has-medium-font-size wp-elements-ee79eee2734004e51211813ce376da34\"><em>A aniversariante de hoje, Roberta Rosado, \u00e9 sin\u00f4nimo de beleza e eleg\u00e2ncia. Bioqu\u00edmica respeitada, encanta por onde passa com sua presen\u00e7a marcante. Filha de Bernardo e Betinha, esposa de Jonas e m\u00e3e de Giovana e Bernardo Neto, Roberta celebra a vida rodeada de amor e admira\u00e7\u00e3o. Parab\u00e9ns, querida!<\/em><\/p>\n\n\n\n<div class=\"wp-block-columns is-layout-flex wp-container-core-columns-is-layout-9d6595d7 wp-block-columns-is-layout-flex\">\n<div class=\"wp-block-column is-layout-flow wp-block-column-is-layout-flow\" style=\"flex-basis:100%\"><div class=\"wp-block-image\">\n<figure class=\"aligncenter size-full\"><img decoding=\"async\" src=\"https:\/\/marilenepaiva.com\/wp-content\/uploads\/2025\/07\/F2-17.jpeg\" alt=\"\" class=\"wp-image-5861\"\/><\/figure>\n<\/div><\/div>\n<\/div>\n\n\n\n<p class=\"has-black-color has-text-color has-link-color has-medium-font-size wp-elements-95c01a183f590cc74abddeb6254a63ca\"><em>O cardiologista Bernardo Am\u00e9rico Rosado celebra mais um ano de vida com sa\u00fade, sabedoria e muitos motivos para brindar. Recebe o carinho da fam\u00edlia Hospital Wilson Rosado e em especial da esposa Betinha e abra\u00e7os dos amigos de longa data, Marcos e o m\u00e9dico Itamar Ribeiro. Vida longa e plena!<\/em><\/p>\n\n\n\n<div class=\"wp-block-columns is-layout-flex wp-container-core-columns-is-layout-9d6595d7 wp-block-columns-is-layout-flex\">\n<div class=\"wp-block-column is-layout-flow wp-block-column-is-layout-flow\" style=\"flex-basis:100%\"><div class=\"wp-block-image\">\n<figure class=\"aligncenter size-large\"><img decoding=\"async\" src=\"https:\/\/marilenepaiva.com\/wp-content\/uploads\/2025\/07\/F3-18-358x1024.jpeg\" alt=\"\" class=\"wp-image-5862\"\/><\/figure>\n<\/div><\/div>\n<\/div>\n\n\n\n<p class=\"has-black-color has-text-color has-link-color has-medium-font-size wp-elements-c02b959ccd9ae26e8c16f52dc45f5ed7\"><em>A advogada brilhante Helena Belmont celebra mais um giro em torno do sol. Sa\u00fade, alegrias e muitas felicidades!<\/em><\/p>\n\n\n\n<div class=\"wp-block-columns is-layout-flex wp-container-core-columns-is-layout-9d6595d7 wp-block-columns-is-layout-flex\">\n<div class=\"wp-block-column is-layout-flow wp-block-column-is-layout-flow\" style=\"flex-basis:100%\"><div class=\"wp-block-image\">\n<figure class=\"aligncenter size-large\"><img decoding=\"async\" src=\"https:\/\/marilenepaiva.com\/wp-content\/uploads\/2025\/07\/F4-18-927x1024.jpeg\" alt=\"\" class=\"wp-image-5863\"\/><\/figure>\n<\/div><\/div>\n<\/div>\n\n\n\n<p class=\"has-black-color has-text-color has-link-color has-medium-font-size wp-elements-be017bb50f5e8ff6a7da8d9ecdebd39d\"><em>E a toda amada S\u00f4nia Paiva completou 80 bem vividos anos ao lado esposo L\u00e1zaro e dos filhos Charles, Patr\u00edcia e Paulinha Paiva. Lindos!<\/em><\/p>\n\n\n\n<div class=\"wp-block-columns is-layout-flex wp-container-core-columns-is-layout-9d6595d7 wp-block-columns-is-layout-flex\">\n<div class=\"wp-block-column is-layout-flow wp-block-column-is-layout-flow\" style=\"flex-basis:100%\"><div class=\"wp-block-image\">\n<figure class=\"aligncenter size-large\"><img decoding=\"async\" src=\"https:\/\/marilenepaiva.com\/wp-content\/uploads\/2025\/07\/F5-10-920x1024.jpeg\" alt=\"\" class=\"wp-image-5864\"\/><\/figure>\n<\/div><\/div>\n<\/div>\n\n\n\n<p class=\"has-black-color has-text-color has-link-color has-medium-font-size wp-elements-46fe1386ab54c49dbb0f14e35e6ce039\"><em>\u00c9 preciso amor para poder pulsar&#8230;Na paz do sorriso encantador de S\u00f4nia Gontijo reflete-se o amor dos filhos engenheiro Lucas, cirurgi\u00e3 dentista Barbarah e advogado Maximiliano Gontijo. Maravilhosos!<\/em><\/p>\n\n\n\n<p><\/p>\n","protected":false},"excerpt":{"rendered":"<p>ORFEU &#8220;Saudade \u00e9 amar um passado que ainda n\u00e3o passou, \u00c9 recusar um presente que nos machuca, \u00c9 n\u00e3o ver o futuro que nos convida&#8230;&#8221;\u00a0 FERNANDO PESSOA CHAMPANHE NO GELO Apagam velinhas hoje: Cibele Silveira, Roberta Rosado, Bernardo Rosado, Oziel Peixoto, Yago Teixeira Rosado, J\u00falio C\u00e9zar Soares de Souza, Wanderlei da Silva, Helena Jacinta Belmont, [&hellip;]<\/p>\n","protected":false},"author":1,"featured_media":5152,"comment_status":"open","ping_status":"open","sticky":false,"template":"","format":"standard","meta":{"footnotes":""},"categories":[3],"tags":[],"class_list":["post-5859","post","type-post","status-publish","format-standard","has-post-thumbnail","hentry","category-colunas"],"_links":{"self":[{"href":"https:\/\/marilenepaiva.com\/index.php?rest_route=\/wp\/v2\/posts\/5859","targetHints":{"allow":["GET"]}}],"collection":[{"href":"https:\/\/marilenepaiva.com\/index.php?rest_route=\/wp\/v2\/posts"}],"about":[{"href":"https:\/\/marilenepaiva.com\/index.php?rest_route=\/wp\/v2\/types\/post"}],"author":[{"embeddable":true,"href":"https:\/\/marilenepaiva.com\/index.php?rest_route=\/wp\/v2\/users\/1"}],"replies":[{"embeddable":true,"href":"https:\/\/marilenepaiva.com\/index.php?rest_route=%2Fwp%2Fv2%2Fcomments&post=5859"}],"version-history":[{"count":1,"href":"https:\/\/marilenepaiva.com\/index.php?rest_route=\/wp\/v2\/posts\/5859\/revisions"}],"predecessor-version":[{"id":5865,"href":"https:\/\/marilenepaiva.com\/index.php?rest_route=\/wp\/v2\/posts\/5859\/revisions\/5865"}],"wp:featuredmedia":[{"embeddable":true,"href":"https:\/\/marilenepaiva.com\/index.php?rest_route=\/wp\/v2\/media\/5152"}],"wp:attachment":[{"href":"https:\/\/marilenepaiva.com\/index.php?rest_route=%2Fwp%2Fv2%2Fmedia&parent=5859"}],"wp:term":[{"taxonomy":"category","embeddable":true,"href":"https:\/\/marilenepaiva.com\/index.php?rest_route=%2Fwp%2Fv2%2Fcategories&post=5859"},{"taxonomy":"post_tag","embeddable":true,"href":"https:\/\/marilenepaiva.com\/index.php?rest_route=%2Fwp%2Fv2%2Ftags&post=5859"}],"curies":[{"name":"wp","href":"https:\/\/api.w.org\/{rel}","templated":true}]}}