{"id":5873,"date":"2025-07-31T18:33:32","date_gmt":"2025-07-31T18:33:32","guid":{"rendered":"https:\/\/marilenepaiva.com\/?p=5873"},"modified":"2025-07-31T18:33:32","modified_gmt":"2025-07-31T18:33:32","slug":"presenca-news-01-de-agosto-de-2025","status":"publish","type":"post","link":"https:\/\/marilenepaiva.com\/?p=5873","title":{"rendered":"PRESEN\u00c7A NEWS 01 DE AGOSTO DE 2025"},"content":{"rendered":"\n<blockquote class=\"wp-block-quote is-layout-flow wp-block-quote-is-layout-flow\">\n<p class=\"has-large-font-size\"><strong>ORFEU<\/strong><\/p>\n\n\n\n<p class=\"has-black-color has-text-color has-link-color has-medium-font-size wp-elements-fbea0d9c88d2f5abf3ad2e409a595d92\"><em>&#8220;Agir, eis a intelig\u00eancia verdadeira&#8221;\u00a0<\/em><\/p>\n\n\n\n<p class=\"has-black-color has-text-color has-link-color has-small-font-size wp-elements-21bc5dba8ae443f8126f9f94fee075ce\">Fernando Pessoa<\/p>\n<\/blockquote>\n\n\n\n<div class=\"wp-block-columns is-layout-flex wp-container-core-columns-is-layout-9d6595d7 wp-block-columns-is-layout-flex\">\n<div class=\"wp-block-column is-layout-flow wp-block-column-is-layout-flow\" style=\"flex-basis:100%\"><div class=\"wp-block-image\">\n<figure class=\"aligncenter size-large is-resized\"><img decoding=\"async\" src=\"https:\/\/marilenepaiva.com\/wp-content\/uploads\/2025\/07\/Imagem-do-WhatsApp-de-2024-04-04-as-08.53.06_7c569f46-1024x241.jpg\" alt=\"\" class=\"wp-image-5750\" style=\"width:544px;height:auto\"\/><\/figure>\n<\/div><\/div>\n<\/div>\n\n\n\n<p class=\"has-large-font-size\"><strong>CHAMPANHE NO GELO<\/strong><\/p>\n\n\n\n<p class=\"has-black-color has-text-color has-link-color has-medium-font-size wp-elements-a0dd43ea727cb73e2952ca47f633a5e3\">Muitas felicidades para os que s\u00e3o abra\u00e7ados pela vida, festejando a idade nova: Magn\u00f3lia Pinto Gondim, Meireany Lima, Sofia Soares, Maria do Socorro Souza, Jormar Paiva, Patr\u00edcia Katalana Barbosa de Paiva, Keliane Cavalcante, Gabriel Linhares de Oliveira e Edgardo Benavides Filho. Sa\u00fade, paz e sucessos!<\/p>\n\n\n\n<div class=\"wp-block-columns is-layout-flex wp-container-core-columns-is-layout-9d6595d7 wp-block-columns-is-layout-flex\">\n<div class=\"wp-block-column is-layout-flow wp-block-column-is-layout-flow\" style=\"flex-basis:100%\"><div class=\"wp-block-image\">\n<figure class=\"aligncenter size-full is-resized\"><img decoding=\"async\" src=\"https:\/\/marilenepaiva.com\/wp-content\/uploads\/2025\/07\/royalface.jpg\" alt=\"\" class=\"wp-image-5751\" style=\"width:238px;height:auto\"\/><\/figure>\n<\/div><\/div>\n<\/div>\n\n\n\n<p class=\"has-large-font-size\"><strong>MISE EN PLACE<\/strong><\/p>\n\n\n\n<p class=\"has-black-color has-text-color has-link-color has-medium-font-size wp-elements-b8bfda689324be65232a380e78fb157a\">Direto da linguagem da alta gastronomia francesa, &#8220;Mise en Place&#8221; significa &#8220;colocar em ordem&#8221;. Mais que um conceito de cozinha, \u00e9 um chamado \u00e0 vida: organizar os ingredientes do dia, planejar com afeto, servir com prop\u00f3sito. Na Comuna, Mise en Place \u00e9 ritual \u2014 agenda clara, prioridades escolhidas, mente leve e cora\u00e7\u00e3o presente. C\u00e1 de minha aldeia, eu sigo tentando, porque a beleza tamb\u00e9m mora na prepara\u00e7\u00e3o.<\/p>\n\n\n\n<div class=\"wp-block-columns is-layout-flex wp-container-core-columns-is-layout-9d6595d7 wp-block-columns-is-layout-flex\">\n<div class=\"wp-block-column is-layout-flow wp-block-column-is-layout-flow\" style=\"flex-basis:100%\"><div class=\"wp-block-image\">\n<figure class=\"aligncenter size-full is-resized\"><img decoding=\"async\" src=\"https:\/\/marilenepaiva.com\/wp-content\/uploads\/2025\/06\/iate.jpg\" alt=\"\" class=\"wp-image-5626\" style=\"width:357px;height:auto\"\/><\/figure>\n<\/div><\/div>\n<\/div>\n\n\n\n<p class=\"has-large-font-size\"><strong>C\u00c2MARA HIPERB\u00c1RICA NA OITAVA ROSADO<\/strong><\/p>\n\n\n\n<p class=\"has-black-color has-text-color has-link-color has-medium-font-size wp-elements-d4f3ca264a7944360057570155d0daed\">Uma excelente not\u00edcia para Mossor\u00f3 e regi\u00e3o: o m\u00e9dico Elano Cant\u00eddio passa a oferecer os servi\u00e7os de oxigenoterapia hiperb\u00e1rica na Oitava Rosado. A iniciativa \u00e9 um avan\u00e7o importante para a sa\u00fade local, trazendo tecnologia de ponta para o tratamento de feridas complexas, les\u00f5es por radia\u00e7\u00e3o, infec\u00e7\u00f5es resistentes e diversas outras indica\u00e7\u00f5es m\u00e9dicas. Um ganho para os pacientes e um exemplo de compromisso com a medicina moderna e humanizada.<\/p>\n\n\n\n<div class=\"wp-block-columns is-layout-flex wp-container-core-columns-is-layout-9d6595d7 wp-block-columns-is-layout-flex\">\n<div class=\"wp-block-column is-layout-flow wp-block-column-is-layout-flow\" style=\"flex-basis:100%\"><div class=\"wp-block-image\">\n<figure class=\"aligncenter size-full is-resized\"><img decoding=\"async\" src=\"https:\/\/marilenepaiva.com\/wp-content\/uploads\/2025\/07\/serraboi.png\" alt=\"\" class=\"wp-image-5752\" style=\"width:212px;height:auto\"\/><\/figure>\n<\/div><\/div>\n<\/div>\n\n\n\n<p class=\"has-large-font-size\"><strong>AGOSTO, SEJA BEM-VINDO!<\/strong><\/p>\n\n\n\n<p class=\"has-black-color has-text-color has-link-color has-medium-font-size wp-elements-71a6b4e058a1bf7f20eb95bd7885aaa8\">Agosto chega abrindo novos caminhos e trazendo no vento a esperan\u00e7a de recome\u00e7os. Que este m\u00eas seja tempo de renova\u00e7\u00e3o, f\u00e9 fortalecida e colheitas generosas. Que os dias que vir\u00e3o tragam leveza, coragem e boas surpresas. Bem-vindo, agosto!<\/p>\n\n\n\n<figure class=\"wp-block-gallery has-nested-images columns-default is-cropped wp-block-gallery-1 is-layout-flex wp-block-gallery-is-layout-flex\">\n<figure class=\"wp-block-image size-large\"><img decoding=\"async\" data-id=\"5753\" src=\"https:\/\/marilenepaiva.com\/wp-content\/uploads\/2025\/07\/trattoria.png\" alt=\"\" class=\"wp-image-5753\"\/><\/figure>\n\n\n\n<figure class=\"wp-block-image size-large\"><img decoding=\"async\" data-id=\"5747\" src=\"https:\/\/marilenepaiva.com\/wp-content\/uploads\/2025\/07\/22.png\" alt=\"\" class=\"wp-image-5747\"\/><\/figure>\n\n\n\n<figure class=\"wp-block-image size-large\"><img decoding=\"async\" data-id=\"5748\" src=\"https:\/\/marilenepaiva.com\/wp-content\/uploads\/2025\/07\/Captura-de-tela-2024-02-19-222258.png\" alt=\"\" class=\"wp-image-5748\"\/><\/figure>\n<\/figure>\n\n\n\n<p><\/p>\n\n\n\n<div class=\"wp-block-columns is-layout-flex wp-container-core-columns-is-layout-9d6595d7 wp-block-columns-is-layout-flex\">\n<div class=\"wp-block-column is-layout-flow wp-block-column-is-layout-flow\" style=\"flex-basis:100%\"><div class=\"wp-block-image\">\n<figure class=\"aligncenter size-large\"><img decoding=\"async\" src=\"https:\/\/marilenepaiva.com\/wp-content\/uploads\/2025\/07\/F1-20-832x1024.jpeg\" alt=\"\" class=\"wp-image-5874\"\/><\/figure>\n<\/div><\/div>\n<\/div>\n\n\n\n<p class=\"has-black-color has-text-color has-link-color has-medium-font-size wp-elements-ad91bbca14850428c5a5c367c543aca0\"><em>Daqui para Recife, enviamos os votos de feliz anivers\u00e1rio para a nutricionista Patr\u00edcia Katalana Paiva. No clique, com o esposo Hudson, a mamis S\u00f4nia e os tios Irene e Carlito. Parab\u00e9ns!<\/em><\/p>\n\n\n\n<div class=\"wp-block-columns is-layout-flex wp-container-core-columns-is-layout-9d6595d7 wp-block-columns-is-layout-flex\">\n<div class=\"wp-block-column is-layout-flow wp-block-column-is-layout-flow\" style=\"flex-basis:100%\"><div class=\"wp-block-image\">\n<figure class=\"aligncenter size-large\"><img decoding=\"async\" src=\"https:\/\/marilenepaiva.com\/wp-content\/uploads\/2025\/07\/F2-19-753x1024.jpeg\" alt=\"\" class=\"wp-image-5875\"\/><\/figure>\n<\/div><\/div>\n<\/div>\n\n\n\n<p class=\"has-black-color has-text-color has-link-color has-medium-font-size wp-elements-fb7d4a249bc7f4e841a658cfbc3d65ed\"><em>O querido Jormar Paiva abre agosto celebrando idade nova e ganhando o abra\u00e7o da esposa Z\u00e9lia Alves. Parab\u00e9ns!<\/em><\/p>\n\n\n\n<div class=\"wp-block-columns is-layout-flex wp-container-core-columns-is-layout-9d6595d7 wp-block-columns-is-layout-flex\">\n<div class=\"wp-block-column is-layout-flow wp-block-column-is-layout-flow\" style=\"flex-basis:100%\"><div class=\"wp-block-image\">\n<figure class=\"aligncenter size-full\"><img decoding=\"async\" src=\"https:\/\/marilenepaiva.com\/wp-content\/uploads\/2025\/07\/F3-20.jpeg\" alt=\"\" class=\"wp-image-5876\"\/><\/figure>\n<\/div><\/div>\n<\/div>\n\n\n\n<p class=\"has-black-color has-text-color has-link-color has-medium-font-size wp-elements-3599a7edb9baee20749b4cbe4f3e1ae2\"><em>Com o tema \u201cA Esperan\u00e7a n\u00e3o Decepciona\u201d, de hoje at\u00e9 o dia 11, o padre Alysson coordena com sua equipe de excel\u00eancia a Festa de Santa Clara 2025.Salve, salve!<\/em><\/p>\n\n\n\n<div class=\"wp-block-columns is-layout-flex wp-container-core-columns-is-layout-9d6595d7 wp-block-columns-is-layout-flex\">\n<div class=\"wp-block-column is-layout-flow wp-block-column-is-layout-flow\" style=\"flex-basis:100%\"><div class=\"wp-block-image\">\n<figure class=\"aligncenter size-full\"><img decoding=\"async\" src=\"https:\/\/marilenepaiva.com\/wp-content\/uploads\/2025\/07\/F4-20.jpeg\" alt=\"\" class=\"wp-image-5877\"\/><\/figure>\n<\/div><\/div>\n<\/div>\n\n\n\n<p class=\"has-black-color has-text-color has-link-color has-medium-font-size wp-elements-c8646dcea6e2decd7d41c92842907635\"><em>O cardiologista Bernardo Am\u00e9rico Rosado ao lado da esposa Betinha Rosado recebendo os cumprimentos do casal amigo Paulinho e Linda Paula. Tintin! Foto Cl\u00e1udio Roberto<\/em><\/p>\n\n\n\n<div class=\"wp-block-columns is-layout-flex wp-container-core-columns-is-layout-9d6595d7 wp-block-columns-is-layout-flex\">\n<div class=\"wp-block-column is-layout-flow wp-block-column-is-layout-flow\" style=\"flex-basis:100%\"><div class=\"wp-block-image\">\n<figure class=\"aligncenter size-large\"><img decoding=\"async\" src=\"https:\/\/marilenepaiva.com\/wp-content\/uploads\/2025\/07\/F5-11-1024x704.jpeg\" alt=\"\" class=\"wp-image-5878\"\/><\/figure>\n<\/div><\/div>\n<\/div>\n\n\n\n<p class=\"has-black-color has-text-color has-link-color has-medium-font-size wp-elements-bd9f921a4c75d40ca9ec3d4c03f82de0\"><em>Os noivos Jos\u00e9 Jaime J\u00fanior e Edn\u00ea Soares recebendo o sacramento do matrim\u00f4nio do amigo Padre Charles Lamartine. Felicidades!<\/em><\/p>\n\n\n\n<div class=\"wp-block-columns is-layout-flex wp-container-core-columns-is-layout-9d6595d7 wp-block-columns-is-layout-flex\">\n<div class=\"wp-block-column is-layout-flow wp-block-column-is-layout-flow\" style=\"flex-basis:100%\"><div class=\"wp-block-image\">\n<figure class=\"aligncenter size-full\"><img decoding=\"async\" src=\"https:\/\/marilenepaiva.com\/wp-content\/uploads\/2025\/07\/F6-3.jpeg\" alt=\"\" class=\"wp-image-5879\"\/><\/figure>\n<\/div><\/div>\n<\/div>\n\n\n\n<p class=\"has-black-color has-text-color has-link-color has-medium-font-size wp-elements-d2f3e18a30ecfd355b5a51d7f1684699\"><em>Amo de cora\u00e7\u00e3o o m\u00e9dico cardiologista Arturo Rosado e sua esposa Isabelle Trindade prestigiando o aniversariante m\u00e9dico Bernardo Rosado e a sua bela Betinha. Tudo de melhor, meus queridos. Foto Cl\u00e1udio Roberto.<\/em><\/p>\n\n\n\n<p><\/p>\n","protected":false},"excerpt":{"rendered":"<p>ORFEU &#8220;Agir, eis a intelig\u00eancia verdadeira&#8221;\u00a0 Fernando Pessoa CHAMPANHE NO GELO Muitas felicidades para os que s\u00e3o abra\u00e7ados pela vida, festejando a idade nova: Magn\u00f3lia Pinto Gondim, Meireany Lima, Sofia Soares, Maria do Socorro Souza, Jormar Paiva, Patr\u00edcia Katalana Barbosa de Paiva, Keliane Cavalcante, Gabriel Linhares de Oliveira e Edgardo Benavides Filho. Sa\u00fade, paz e [&hellip;]<\/p>\n","protected":false},"author":1,"featured_media":5152,"comment_status":"open","ping_status":"open","sticky":false,"template":"","format":"standard","meta":{"footnotes":""},"categories":[3],"tags":[],"class_list":["post-5873","post","type-post","status-publish","format-standard","has-post-thumbnail","hentry","category-colunas"],"_links":{"self":[{"href":"https:\/\/marilenepaiva.com\/index.php?rest_route=\/wp\/v2\/posts\/5873","targetHints":{"allow":["GET"]}}],"collection":[{"href":"https:\/\/marilenepaiva.com\/index.php?rest_route=\/wp\/v2\/posts"}],"about":[{"href":"https:\/\/marilenepaiva.com\/index.php?rest_route=\/wp\/v2\/types\/post"}],"author":[{"embeddable":true,"href":"https:\/\/marilenepaiva.com\/index.php?rest_route=\/wp\/v2\/users\/1"}],"replies":[{"embeddable":true,"href":"https:\/\/marilenepaiva.com\/index.php?rest_route=%2Fwp%2Fv2%2Fcomments&post=5873"}],"version-history":[{"count":1,"href":"https:\/\/marilenepaiva.com\/index.php?rest_route=\/wp\/v2\/posts\/5873\/revisions"}],"predecessor-version":[{"id":5880,"href":"https:\/\/marilenepaiva.com\/index.php?rest_route=\/wp\/v2\/posts\/5873\/revisions\/5880"}],"wp:featuredmedia":[{"embeddable":true,"href":"https:\/\/marilenepaiva.com\/index.php?rest_route=\/wp\/v2\/media\/5152"}],"wp:attachment":[{"href":"https:\/\/marilenepaiva.com\/index.php?rest_route=%2Fwp%2Fv2%2Fmedia&parent=5873"}],"wp:term":[{"taxonomy":"category","embeddable":true,"href":"https:\/\/marilenepaiva.com\/index.php?rest_route=%2Fwp%2Fv2%2Fcategories&post=5873"},{"taxonomy":"post_tag","embeddable":true,"href":"https:\/\/marilenepaiva.com\/index.php?rest_route=%2Fwp%2Fv2%2Ftags&post=5873"}],"curies":[{"name":"wp","href":"https:\/\/api.w.org\/{rel}","templated":true}]}}