{"id":6150,"date":"2025-09-16T22:02:20","date_gmt":"2025-09-16T22:02:20","guid":{"rendered":"https:\/\/marilenepaiva.com\/?p=6150"},"modified":"2025-09-16T22:02:20","modified_gmt":"2025-09-16T22:02:20","slug":"presenca-news-17-de-setembro-de-2025","status":"publish","type":"post","link":"https:\/\/marilenepaiva.com\/?p=6150","title":{"rendered":"PRESEN\u00c7A NEWS 17 DE SETEMBRO DE 2025"},"content":{"rendered":"\n<blockquote class=\"wp-block-quote is-layout-flow wp-block-quote-is-layout-flow\">\n<p class=\"has-large-font-size\"><strong>ORFEU<\/strong><\/p>\n\n\n\n<p class=\"has-medium-font-size\"><strong>\u201cA Censura obedece, por\u00e9m, a directrizes que lhe s\u00e3o superiormente impostas; e todos n\u00f3s sabemos quais s\u00e3o, mais ou menos, essas directrizes.\u201d<\/strong><\/p>\n\n\n\n<p class=\"has-black-color has-text-color has-link-color has-small-font-size wp-elements-21bc5dba8ae443f8126f9f94fee075ce\">Fernando Pessoa<\/p>\n<\/blockquote>\n\n\n\n<div class=\"wp-block-columns is-layout-flex wp-container-core-columns-is-layout-9d6595d7 wp-block-columns-is-layout-flex\">\n<div class=\"wp-block-column is-layout-flow wp-block-column-is-layout-flow\" style=\"flex-basis:100%\"><div class=\"wp-block-image\">\n<figure class=\"aligncenter size-full is-resized\"><img decoding=\"async\" src=\"https:\/\/marilenepaiva.com\/wp-content\/uploads\/2025\/09\/royalface.jpg\" alt=\"\" class=\"wp-image-6109\" style=\"width:222px;height:auto\"\/><\/figure>\n<\/div><\/div>\n<\/div>\n\n\n\n<p class=\"has-large-font-size\"><strong>CHAMPANHE NO GELO<\/strong><\/p>\n\n\n\n<p class=\"has-black-color has-text-color has-link-color has-medium-font-size wp-elements-4ff5463c52fa11afc95e8e5b2580c328\">Festejam idade nova hoje: Leonardo Nogueira, Bruno Peixoto, Ione Menezes Brasil Leite, Socorro Azevedo, Ildefonso Pascoal J\u00fanior, Telma Ferreira Maia Rocha, Benjamim Machado, Naerton Soares, C\u00e1cio Santos, Jos\u00e9 Evangelista de Lima, Mirela Sales. Parab\u00e9ns!!!<\/p>\n\n\n\n<div class=\"wp-block-columns is-layout-flex wp-container-core-columns-is-layout-9d6595d7 wp-block-columns-is-layout-flex\">\n<div class=\"wp-block-column is-layout-flow wp-block-column-is-layout-flow\" style=\"flex-basis:100%\"><div class=\"wp-block-image\">\n<figure class=\"aligncenter size-large is-resized\"><img decoding=\"async\" src=\"https:\/\/marilenepaiva.com\/wp-content\/uploads\/2025\/09\/Imagem-do-WhatsApp-de-2024-04-04-as-08.53.06_7c569f46-1024x241.jpg\" alt=\"\" class=\"wp-image-6108\" style=\"width:459px;height:auto\"\/><\/figure>\n<\/div><\/div>\n<\/div>\n\n\n\n<p class=\"has-large-font-size\"><strong>\u00c9 HOJE!<\/strong><\/p>\n\n\n\n<p class=\"has-black-color has-text-color has-link-color has-medium-font-size wp-elements-039d3120bbef381552636780460db6aa\">Meio-dia, no Supremo Tribunal Federal, em Bras\u00edlia, Keity Saboya lan\u00e7a seu livro <em>Ne bis in idem<\/em> &#8211; obra j\u00e1 consagrada como a mais importante do Brasil com o tema jurista que, trocando em mi\u00fados, significa que uma pessoa n\u00e3o pode ser condenada duas vezes pelo mesmo crime. O livro \u00e9 editado pela excelente Marcial Pons e o evento \u00e9 assinado pelo muso Chrystian de Saboya. Keity merece todo sucesso que faz. \u00cdntegra, superinteligente: uma sumidade e certamente uma das magistradas mais celebradas do Brasil.<\/p>\n\n\n\n<div class=\"wp-block-columns is-layout-flex wp-container-core-columns-is-layout-9d6595d7 wp-block-columns-is-layout-flex\">\n<div class=\"wp-block-column is-layout-flow wp-block-column-is-layout-flow\" style=\"flex-basis:100%\"><div class=\"wp-block-image\">\n<figure class=\"aligncenter size-full is-resized\"><img decoding=\"async\" src=\"https:\/\/marilenepaiva.com\/wp-content\/uploads\/2025\/09\/iate.jpg\" alt=\"\" class=\"wp-image-6107\" style=\"width:429px;height:auto\"\/><\/figure>\n<\/div><\/div>\n<\/div>\n\n\n\n<p class=\"has-large-font-size\"><strong>JOANA D\u2019ARC &amp; RODRIGUES<\/strong><\/p>\n\n\n\n<p class=\"has-black-color has-text-color has-link-color has-medium-font-size wp-elements-f9fca3c2076a7edb74d1813b66fca661\">Com o cora\u00e7\u00e3o cheio de alegria, agradecemos o convite para a inesquec\u00edvel festa de Bodas de Ouro de Darquinha e Rodrigues. No dia 18 de outubro, no elegante Requinte Buffet, estaremos juntos para celebrar n\u00e3o apenas 50 anos de casamento, mas uma linda hist\u00f3ria de amor, companheirismo e f\u00e9. Confirmamos presen\u00e7a para brindar \u00e0 vida desse casal que \u00e9 exemplo para todos n\u00f3s!<\/p>\n\n\n\n<figure class=\"wp-block-gallery has-nested-images columns-2 is-cropped wp-block-gallery-1 is-layout-flex wp-block-gallery-is-layout-flex\">\n<figure class=\"wp-block-image size-large\"><img decoding=\"async\" data-id=\"6111\" src=\"https:\/\/marilenepaiva.com\/wp-content\/uploads\/2025\/09\/trattoria.png\" alt=\"\" class=\"wp-image-6111\"\/><\/figure>\n\n\n\n<figure class=\"wp-block-image size-large\"><img decoding=\"async\" data-id=\"6110\" src=\"https:\/\/marilenepaiva.com\/wp-content\/uploads\/2025\/09\/serraboi.png\" alt=\"\" class=\"wp-image-6110\"\/><\/figure>\n\n\n\n<figure class=\"wp-block-image size-large\"><img decoding=\"async\" data-id=\"6105\" src=\"https:\/\/marilenepaiva.com\/wp-content\/uploads\/2025\/09\/22.png\" alt=\"\" class=\"wp-image-6105\"\/><\/figure>\n\n\n\n<figure class=\"wp-block-image size-large\"><img decoding=\"async\" data-id=\"6106\" src=\"https:\/\/marilenepaiva.com\/wp-content\/uploads\/2025\/09\/Captura-de-tela-2024-02-19-222258.png\" alt=\"\" class=\"wp-image-6106\"\/><\/figure>\n<\/figure>\n\n\n\n<p><\/p>\n\n\n\n<div class=\"wp-block-columns is-layout-flex wp-container-core-columns-is-layout-9d6595d7 wp-block-columns-is-layout-flex\">\n<div class=\"wp-block-column is-layout-flow wp-block-column-is-layout-flow\" style=\"flex-basis:100%\"><div class=\"wp-block-image\">\n<figure class=\"aligncenter size-large is-resized\"><img loading=\"lazy\" decoding=\"async\" width=\"855\" height=\"1024\" src=\"https:\/\/marilenepaiva.com\/wp-content\/uploads\/2025\/09\/F1-10-855x1024.jpeg\" alt=\"\" class=\"wp-image-6151\" style=\"width:628px;height:auto\" srcset=\"https:\/\/marilenepaiva.com\/wp-content\/uploads\/2025\/09\/F1-10-855x1024.jpeg 855w, https:\/\/marilenepaiva.com\/wp-content\/uploads\/2025\/09\/F1-10-250x300.jpeg 250w, https:\/\/marilenepaiva.com\/wp-content\/uploads\/2025\/09\/F1-10-768x920.jpeg 768w, https:\/\/marilenepaiva.com\/wp-content\/uploads\/2025\/09\/F1-10.jpeg 868w\" sizes=\"auto, (max-width: 855px) 100vw, 855px\" \/><\/figure>\n<\/div><\/div>\n<\/div>\n\n\n\n<p class=\"has-black-color has-text-color has-link-color has-medium-font-size wp-elements-322185045105991cd044b4d51d34a8d1\"><em>Hoje \u00e9 dia de bolo confeitado para o m\u00e9dico Leonardo Nogueira que comemora ao lado da esposa Faf\u00e1 Rosado. Parab\u00e9ns!<\/em><\/p>\n\n\n\n<div class=\"wp-block-columns is-layout-flex wp-container-core-columns-is-layout-9d6595d7 wp-block-columns-is-layout-flex\">\n<div class=\"wp-block-column is-layout-flow wp-block-column-is-layout-flow\" style=\"flex-basis:100%\"><div class=\"wp-block-image\">\n<figure class=\"aligncenter size-full is-resized\"><img loading=\"lazy\" decoding=\"async\" width=\"933\" height=\"1019\" src=\"https:\/\/marilenepaiva.com\/wp-content\/uploads\/2025\/09\/F2-10.jpeg\" alt=\"\" class=\"wp-image-6152\" style=\"width:578px;height:auto\" srcset=\"https:\/\/marilenepaiva.com\/wp-content\/uploads\/2025\/09\/F2-10.jpeg 933w, https:\/\/marilenepaiva.com\/wp-content\/uploads\/2025\/09\/F2-10-275x300.jpeg 275w, https:\/\/marilenepaiva.com\/wp-content\/uploads\/2025\/09\/F2-10-768x839.jpeg 768w\" sizes=\"auto, (max-width: 933px) 100vw, 933px\" \/><\/figure>\n<\/div><\/div>\n<\/div>\n\n\n\n<p class=\"has-black-color has-text-color has-link-color has-medium-font-size wp-elements-ab31fac1e3f198e55b05660f35a060ab\"><em>Todos os vivas para a querida aniversariante de hoje, Ione Brasil, amor da vida do amigo Nilson Brasil. Felicidades, sa\u00fade e alegrias!<\/em><\/p>\n\n\n\n<div class=\"wp-block-columns is-layout-flex wp-container-core-columns-is-layout-9d6595d7 wp-block-columns-is-layout-flex\">\n<div class=\"wp-block-column is-layout-flow wp-block-column-is-layout-flow\" style=\"flex-basis:100%\"><div class=\"wp-block-image\">\n<figure class=\"aligncenter size-large is-resized\"><img loading=\"lazy\" decoding=\"async\" width=\"979\" height=\"1024\" src=\"https:\/\/marilenepaiva.com\/wp-content\/uploads\/2025\/09\/F3-10-979x1024.jpeg\" alt=\"\" class=\"wp-image-6153\" style=\"width:663px;height:auto\" srcset=\"https:\/\/marilenepaiva.com\/wp-content\/uploads\/2025\/09\/F3-10-979x1024.jpeg 979w, https:\/\/marilenepaiva.com\/wp-content\/uploads\/2025\/09\/F3-10-287x300.jpeg 287w, https:\/\/marilenepaiva.com\/wp-content\/uploads\/2025\/09\/F3-10-768x803.jpeg 768w, https:\/\/marilenepaiva.com\/wp-content\/uploads\/2025\/09\/F3-10.jpeg 1012w\" sizes=\"auto, (max-width: 979px) 100vw, 979px\" \/><\/figure>\n<\/div><\/div>\n<\/div>\n\n\n\n<p class=\"has-black-color has-text-color has-link-color has-medium-font-size wp-elements-dc8759fdd4846ac395b6822b69837ff8\"><em>Elinay, Marcell, Leila, Karen, Wanessa, Rebeca Adriana e Fabiana foram recebidos com todo o carinho pela amada Keity de Saboya, que anfitrionou doutores da justi\u00e7a de todo o Brasil em um encontro cheio de afeto, amizade e amor, na charmosa praia de Tibau. Um dia de risadas, abra\u00e7os e energia boa \u2014 do jeitinho especial de Chrystian e Keity, que sabem transformar cada reuni\u00e3o em uma festa para o cora\u00e7\u00e3o.<\/em><\/p>\n\n\n\n<div class=\"wp-block-columns is-layout-flex wp-container-core-columns-is-layout-9d6595d7 wp-block-columns-is-layout-flex\">\n<div class=\"wp-block-column is-layout-flow wp-block-column-is-layout-flow\" style=\"flex-basis:100%\"><div class=\"wp-block-image\">\n<figure class=\"aligncenter size-full is-resized\"><img loading=\"lazy\" decoding=\"async\" width=\"895\" height=\"875\" src=\"https:\/\/marilenepaiva.com\/wp-content\/uploads\/2025\/09\/F4-10.jpeg\" alt=\"\" class=\"wp-image-6154\" style=\"width:627px;height:auto\" srcset=\"https:\/\/marilenepaiva.com\/wp-content\/uploads\/2025\/09\/F4-10.jpeg 895w, https:\/\/marilenepaiva.com\/wp-content\/uploads\/2025\/09\/F4-10-300x293.jpeg 300w, https:\/\/marilenepaiva.com\/wp-content\/uploads\/2025\/09\/F4-10-768x751.jpeg 768w\" sizes=\"auto, (max-width: 895px) 100vw, 895px\" \/><\/figure>\n<\/div><\/div>\n<\/div>\n\n\n\n<p class=\"has-black-color has-text-color has-link-color has-medium-font-size wp-elements-ccc1b6bc47373735cbedc05bd0c0292a\"><em>O amigo Naerton Soares, da Ara\u00fajo, Soares, Barreto e Ara\u00fajo Advogados Associados, aniversaria hoje e comemora cercado de carinho. Ganha os mimos especiais da esposa Cleidinha e os nossos votos de sa\u00fade, felicidades e muitos brindes \u00e0 vida!<\/em><\/p>\n\n\n\n<div class=\"wp-block-columns is-layout-flex wp-container-core-columns-is-layout-9d6595d7 wp-block-columns-is-layout-flex\">\n<div class=\"wp-block-column is-layout-flow wp-block-column-is-layout-flow\" style=\"flex-basis:100%\"><div class=\"wp-block-image\">\n<figure class=\"aligncenter size-large\"><img loading=\"lazy\" decoding=\"async\" width=\"632\" height=\"1024\" src=\"https:\/\/marilenepaiva.com\/wp-content\/uploads\/2025\/09\/F5-10-632x1024.jpeg\" alt=\"\" class=\"wp-image-6155\" srcset=\"https:\/\/marilenepaiva.com\/wp-content\/uploads\/2025\/09\/F5-10-632x1024.jpeg 632w, https:\/\/marilenepaiva.com\/wp-content\/uploads\/2025\/09\/F5-10-185x300.jpeg 185w, https:\/\/marilenepaiva.com\/wp-content\/uploads\/2025\/09\/F5-10-768x1244.jpeg 768w, https:\/\/marilenepaiva.com\/wp-content\/uploads\/2025\/09\/F5-10.jpeg 790w\" sizes=\"auto, (max-width: 632px) 100vw, 632px\" \/><\/figure>\n<\/div><\/div>\n<\/div>\n\n\n\n<p class=\"has-black-color has-text-color has-link-color has-medium-font-size wp-elements-3aa5240762290381a2a5938e9c9fe5c2\"><em>Hoje \u00e9 dia de celebrar o anivers\u00e1rio do querido amigo Pascoal Jr., advogado que vem se destacando com brilho no cen\u00e1rio jur\u00eddico do Cear\u00e1. Ele recebe os amigos na charmosa capital alencarina em uma recep\u00e7\u00e3o especial, preparada com todo carinho por sua noiva, a talentosa chef Bia Moreira.<\/em><\/p>\n\n\n\n<div class=\"wp-block-columns is-layout-flex wp-container-core-columns-is-layout-9d6595d7 wp-block-columns-is-layout-flex\">\n<div class=\"wp-block-column is-layout-flow wp-block-column-is-layout-flow\" style=\"flex-basis:100%\"><div class=\"wp-block-image\">\n<figure class=\"aligncenter size-large is-resized\"><img loading=\"lazy\" decoding=\"async\" width=\"832\" height=\"1024\" src=\"https:\/\/marilenepaiva.com\/wp-content\/uploads\/2025\/09\/F6-5-832x1024.jpeg\" alt=\"\" class=\"wp-image-6156\" style=\"width:546px;height:auto\" srcset=\"https:\/\/marilenepaiva.com\/wp-content\/uploads\/2025\/09\/F6-5-832x1024.jpeg 832w, https:\/\/marilenepaiva.com\/wp-content\/uploads\/2025\/09\/F6-5-244x300.jpeg 244w, https:\/\/marilenepaiva.com\/wp-content\/uploads\/2025\/09\/F6-5-768x945.jpeg 768w, https:\/\/marilenepaiva.com\/wp-content\/uploads\/2025\/09\/F6-5.jpeg 1040w\" sizes=\"auto, (max-width: 832px) 100vw, 832px\" \/><\/figure>\n<\/div><\/div>\n<\/div>\n\n\n\n<p class=\"has-black-color has-text-color has-link-color has-medium-font-size wp-elements-38ded63c1f6ebdc8c914e5fb3138faea\"><em>O querido e talentoso decorador pernambucano Niltinho J\u00fanior celebrou seus 50 anos em clima de pura alegria no Rest\u00f4 Ponto da Fava, em Recife. A noite foi especial, ao lado da mamis S\u00f4nia e do irm\u00e3o S\u00edlvio Medeiros, com direito aos irresist\u00edveis doces by Lucinha Casc\u00e3o. Uma comemora\u00e7\u00e3o chic e cheia de sabor, como Niltinho merece!<\/em><\/p>\n\n\n\n<p><\/p>\n","protected":false},"excerpt":{"rendered":"<p>ORFEU \u201cA Censura obedece, por\u00e9m, a directrizes que lhe s\u00e3o superiormente impostas; e todos n\u00f3s sabemos quais s\u00e3o, mais ou menos, essas directrizes.\u201d Fernando Pessoa CHAMPANHE NO GELO Festejam idade nova hoje: Leonardo Nogueira, Bruno Peixoto, Ione Menezes Brasil Leite, Socorro Azevedo, Ildefonso Pascoal J\u00fanior, Telma Ferreira Maia Rocha, Benjamim Machado, Naerton Soares, C\u00e1cio Santos, [&hellip;]<\/p>\n","protected":false},"author":1,"featured_media":5152,"comment_status":"open","ping_status":"open","sticky":false,"template":"","format":"standard","meta":{"footnotes":""},"categories":[3],"tags":[],"class_list":["post-6150","post","type-post","status-publish","format-standard","has-post-thumbnail","hentry","category-colunas"],"_links":{"self":[{"href":"https:\/\/marilenepaiva.com\/index.php?rest_route=\/wp\/v2\/posts\/6150","targetHints":{"allow":["GET"]}}],"collection":[{"href":"https:\/\/marilenepaiva.com\/index.php?rest_route=\/wp\/v2\/posts"}],"about":[{"href":"https:\/\/marilenepaiva.com\/index.php?rest_route=\/wp\/v2\/types\/post"}],"author":[{"embeddable":true,"href":"https:\/\/marilenepaiva.com\/index.php?rest_route=\/wp\/v2\/users\/1"}],"replies":[{"embeddable":true,"href":"https:\/\/marilenepaiva.com\/index.php?rest_route=%2Fwp%2Fv2%2Fcomments&post=6150"}],"version-history":[{"count":1,"href":"https:\/\/marilenepaiva.com\/index.php?rest_route=\/wp\/v2\/posts\/6150\/revisions"}],"predecessor-version":[{"id":6157,"href":"https:\/\/marilenepaiva.com\/index.php?rest_route=\/wp\/v2\/posts\/6150\/revisions\/6157"}],"wp:featuredmedia":[{"embeddable":true,"href":"https:\/\/marilenepaiva.com\/index.php?rest_route=\/wp\/v2\/media\/5152"}],"wp:attachment":[{"href":"https:\/\/marilenepaiva.com\/index.php?rest_route=%2Fwp%2Fv2%2Fmedia&parent=6150"}],"wp:term":[{"taxonomy":"category","embeddable":true,"href":"https:\/\/marilenepaiva.com\/index.php?rest_route=%2Fwp%2Fv2%2Fcategories&post=6150"},{"taxonomy":"post_tag","embeddable":true,"href":"https:\/\/marilenepaiva.com\/index.php?rest_route=%2Fwp%2Fv2%2Ftags&post=6150"}],"curies":[{"name":"wp","href":"https:\/\/api.w.org\/{rel}","templated":true}]}}