{"id":6158,"date":"2025-09-17T20:31:54","date_gmt":"2025-09-17T20:31:54","guid":{"rendered":"https:\/\/marilenepaiva.com\/?p=6158"},"modified":"2025-09-17T20:31:55","modified_gmt":"2025-09-17T20:31:55","slug":"presenca-news-18-de-setembro-de-2025","status":"publish","type":"post","link":"https:\/\/marilenepaiva.com\/?p=6158","title":{"rendered":"PRESEN\u00c7A NEWS 18 DE SETEMBRO DE 2025"},"content":{"rendered":"\n<blockquote class=\"wp-block-quote is-layout-flow wp-block-quote-is-layout-flow\">\n<p class=\"has-large-font-size\"><strong>ORFEU<\/strong><\/p>\n\n\n\n<p class=\"has-medium-font-size\"><strong>\u201cA exist\u00eancia da humanidade, se por ela se entende qualquer coisa mais que a esp\u00e9cie animal chamada homem, \u00e9 t\u00e3o hipot\u00e9tica e racionalmente indemonstr\u00e1vel como a exist\u00eancia de Deus. Se, por\u00e9m, por humanidade, se entende a esp\u00e9cie animal chamada homem, ent\u00e3o existe para os biologistas, para os m\u00e9dicos \u2014 para todos quantos estudam, de um modo ou de outro, o corpo humano; existe como existem os peixes e as aves, e mais nada.\u201d<\/strong><\/p>\n\n\n\n<p class=\"has-black-color has-text-color has-link-color has-small-font-size wp-elements-21bc5dba8ae443f8126f9f94fee075ce\">Fernando Pessoa<\/p>\n<\/blockquote>\n\n\n\n<div class=\"wp-block-columns is-layout-flex wp-container-core-columns-is-layout-9d6595d7 wp-block-columns-is-layout-flex\">\n<div class=\"wp-block-column is-layout-flow wp-block-column-is-layout-flow\" style=\"flex-basis:100%\"><div class=\"wp-block-image\">\n<figure class=\"aligncenter size-large is-resized\"><img decoding=\"async\" src=\"https:\/\/marilenepaiva.com\/wp-content\/uploads\/2025\/09\/Imagem-do-WhatsApp-de-2024-04-04-as-08.53.06_7c569f46-1024x241.jpg\" alt=\"\" class=\"wp-image-6108\" style=\"width:493px;height:auto\"\/><\/figure>\n<\/div><\/div>\n<\/div>\n\n\n\n<p class=\"has-large-font-size\"><strong>CHAMPANHE NO GELO<\/strong><\/p>\n\n\n\n<p class=\"has-black-color has-text-color has-link-color has-medium-font-size wp-elements-125e8f926ca46b0955a1a53e8f31830a\">Parab\u00e9ns ser\u00e3o cantados hoje para: \u00c9rica Brito, Jo\u00e3ozinho Sena, Edielma Torres, Alexandre N\u00e9o, Tayonara Silva, Darlon Bueno Gurgel Figueiredo, Danielly Lima, Francisco Dantas Chagas, Rafaela Katriny R\u00eago, Beatriz Nogueira Almeida, Joana Darc Cardoso Lopes, C\u00e9lida Maria Linhares, Sara Vasconcelos da Mota, Felipe Caetano Filho e Adriana L\u00facia. Felicidades!!!<\/p>\n\n\n\n<div class=\"wp-block-columns is-layout-flex wp-container-core-columns-is-layout-9d6595d7 wp-block-columns-is-layout-flex\">\n<div class=\"wp-block-column is-layout-flow wp-block-column-is-layout-flow\" style=\"flex-basis:100%\"><div class=\"wp-block-image\">\n<figure class=\"aligncenter size-full is-resized\"><img decoding=\"async\" src=\"https:\/\/marilenepaiva.com\/wp-content\/uploads\/2025\/09\/iate.jpg\" alt=\"\" class=\"wp-image-6107\" style=\"width:444px;height:auto\"\/><\/figure>\n<\/div><\/div>\n<\/div>\n\n\n\n<p class=\"has-large-font-size\"><strong>FESTA DE SANTA LUZIA 2025<\/strong><\/p>\n\n\n\n<p class=\"has-black-color has-text-color has-link-color has-medium-font-size wp-elements-62496393368f4e6b1c420ed04d6ff93a\">Com muita alegria, agrade\u00e7o o convite para o lan\u00e7amento oficial da Festa de Santa Luzia 2025, que acontecer\u00e1 no dia 19, \u00e0s 19h, no Centro de Treinamento Lib\u00e2nia Lopes Pessoa. Um momento de f\u00e9, tradi\u00e7\u00e3o e encontro para celebrar nossa padroeira e renovar a devo\u00e7\u00e3o que move Mossor\u00f3 inteira.<\/p>\n\n\n\n<div class=\"wp-block-columns is-layout-flex wp-container-core-columns-is-layout-9d6595d7 wp-block-columns-is-layout-flex\">\n<div class=\"wp-block-column is-layout-flow wp-block-column-is-layout-flow\" style=\"flex-basis:100%\"><div class=\"wp-block-image\">\n<figure class=\"aligncenter size-full is-resized\"><img decoding=\"async\" src=\"https:\/\/marilenepaiva.com\/wp-content\/uploads\/2025\/09\/royalface.jpg\" alt=\"\" class=\"wp-image-6109\" style=\"width:270px;height:auto\"\/><\/figure>\n<\/div><\/div>\n<\/div>\n\n\n\n<p class=\"has-large-font-size\"><strong>ELEI\u00c7\u00d5ES<\/strong><\/p>\n\n\n\n<p class=\"has-black-color has-text-color has-link-color has-medium-font-size wp-elements-69b4201706a22f9d4eb1d5115c543e2e\">De vento em popa, as campanhas pol\u00edticas come\u00e7am a se organizar nos bastidores. Os cen\u00e1rios ainda s\u00e3o de articula\u00e7\u00f5es e conversas, mas nomes de peso j\u00e1 aparecem entre os mais lembrados: o governador do Rio Grande do Sul, Eduardo Leite, e o governador de S\u00e3o Paulo, Tarc\u00edsio de Freitas, est\u00e3o no centro das rodas de conversa e an\u00e1lises. O clima \u00e9 de expectativa e estrat\u00e9gia!<\/p>\n\n\n\n<figure class=\"wp-block-gallery has-nested-images columns-2 is-cropped wp-block-gallery-1 is-layout-flex wp-block-gallery-is-layout-flex\">\n<figure class=\"wp-block-image size-large\"><img decoding=\"async\" data-id=\"6110\" src=\"https:\/\/marilenepaiva.com\/wp-content\/uploads\/2025\/09\/serraboi.png\" alt=\"\" class=\"wp-image-6110\"\/><\/figure>\n\n\n\n<figure class=\"wp-block-image size-large\"><img decoding=\"async\" data-id=\"6111\" src=\"https:\/\/marilenepaiva.com\/wp-content\/uploads\/2025\/09\/trattoria.png\" alt=\"\" class=\"wp-image-6111\"\/><\/figure>\n\n\n\n<figure class=\"wp-block-image size-large\"><img decoding=\"async\" data-id=\"6106\" src=\"https:\/\/marilenepaiva.com\/wp-content\/uploads\/2025\/09\/Captura-de-tela-2024-02-19-222258.png\" alt=\"\" class=\"wp-image-6106\"\/><\/figure>\n\n\n\n<figure class=\"wp-block-image size-large\"><img decoding=\"async\" data-id=\"6105\" src=\"https:\/\/marilenepaiva.com\/wp-content\/uploads\/2025\/09\/22.png\" alt=\"\" class=\"wp-image-6105\"\/><\/figure>\n<\/figure>\n\n\n\n<p><\/p>\n\n\n\n<div class=\"wp-block-columns is-layout-flex wp-container-core-columns-is-layout-9d6595d7 wp-block-columns-is-layout-flex\">\n<div class=\"wp-block-column is-layout-flow wp-block-column-is-layout-flow\" style=\"flex-basis:100%\"><div class=\"wp-block-image\">\n<figure class=\"aligncenter size-full\"><img loading=\"lazy\" decoding=\"async\" width=\"844\" height=\"1012\" src=\"https:\/\/marilenepaiva.com\/wp-content\/uploads\/2025\/09\/F1-11.jpeg\" alt=\"\" class=\"wp-image-6159\" srcset=\"https:\/\/marilenepaiva.com\/wp-content\/uploads\/2025\/09\/F1-11.jpeg 844w, https:\/\/marilenepaiva.com\/wp-content\/uploads\/2025\/09\/F1-11-250x300.jpeg 250w, https:\/\/marilenepaiva.com\/wp-content\/uploads\/2025\/09\/F1-11-768x921.jpeg 768w\" sizes=\"auto, (max-width: 844px) 100vw, 844px\" \/><\/figure>\n<\/div><\/div>\n<\/div>\n\n\n\n<p class=\"has-black-color has-text-color has-link-color has-medium-font-size wp-elements-6c9ec4deae6278c2878a5fe576a28bd7\"><em>O primo muito querido gastr\u00f3logo Alexandre Jorge Pinheiro N\u00e9o apaga velinhas hoje. Primog\u00eanito de Maria Luiza e Leod\u00e9cio N\u00e9o, Alexandre conquista pelo carisma e empatia. Parab\u00e9ns, chef! Santa Luzia te aben\u00e7oe com sa\u00fade e paz.<\/em><\/p>\n\n\n\n<div class=\"wp-block-columns is-layout-flex wp-container-core-columns-is-layout-9d6595d7 wp-block-columns-is-layout-flex\">\n<div class=\"wp-block-column is-layout-flow wp-block-column-is-layout-flow\" style=\"flex-basis:100%\"><div class=\"wp-block-image\">\n<figure class=\"aligncenter size-large\"><img loading=\"lazy\" decoding=\"async\" width=\"549\" height=\"1024\" src=\"https:\/\/marilenepaiva.com\/wp-content\/uploads\/2025\/09\/F2-11-549x1024.jpeg\" alt=\"\" class=\"wp-image-6160\" srcset=\"https:\/\/marilenepaiva.com\/wp-content\/uploads\/2025\/09\/F2-11-549x1024.jpeg 549w, https:\/\/marilenepaiva.com\/wp-content\/uploads\/2025\/09\/F2-11-161x300.jpeg 161w, https:\/\/marilenepaiva.com\/wp-content\/uploads\/2025\/09\/F2-11.jpeg 552w\" sizes=\"auto, (max-width: 549px) 100vw, 549px\" \/><\/figure>\n<\/div><\/div>\n<\/div>\n\n\n\n<p class=\"has-black-color has-text-color has-link-color has-medium-font-size wp-elements-d047c455808c4e38a93736b68f8a84a7\"><em>Ela \u00e9 m\u00faltipla em si mesma. Jornalista, advogada, maratonista. Est\u00e1 no podium do nosso cora\u00e7\u00e3o. Gosto de gostar da aniversariante de hoje Rafaella Katriny Rego. Felicidades, lindinha!<\/em><\/p>\n\n\n\n<div class=\"wp-block-columns is-layout-flex wp-container-core-columns-is-layout-9d6595d7 wp-block-columns-is-layout-flex\">\n<div class=\"wp-block-column is-layout-flow wp-block-column-is-layout-flow\" style=\"flex-basis:100%\"><div class=\"wp-block-image\">\n<figure class=\"aligncenter size-large\"><img loading=\"lazy\" decoding=\"async\" width=\"826\" height=\"1024\" src=\"https:\/\/marilenepaiva.com\/wp-content\/uploads\/2025\/09\/F3-11-826x1024.jpeg\" alt=\"\" class=\"wp-image-6161\" srcset=\"https:\/\/marilenepaiva.com\/wp-content\/uploads\/2025\/09\/F3-11-826x1024.jpeg 826w, https:\/\/marilenepaiva.com\/wp-content\/uploads\/2025\/09\/F3-11-242x300.jpeg 242w, https:\/\/marilenepaiva.com\/wp-content\/uploads\/2025\/09\/F3-11-768x952.jpeg 768w, https:\/\/marilenepaiva.com\/wp-content\/uploads\/2025\/09\/F3-11.jpeg 869w\" sizes=\"auto, (max-width: 826px) 100vw, 826px\" \/><\/figure>\n<\/div><\/div>\n<\/div>\n\n\n\n<p class=\"has-black-color has-text-color has-link-color has-medium-font-size wp-elements-31be913648211c4e252639f07f924d4b\"><em>Orgulho do seu pai. Orgulho da fam\u00edlia e nosso em poder desfrutar de sua amizade. Completa hoje mais um giro em torno do sol o m\u00e9dico veterin\u00e1rio Felipe Caetano Filho. Feliz anivers\u00e1rio!<\/em><\/p>\n\n\n\n<div class=\"wp-block-columns is-layout-flex wp-container-core-columns-is-layout-9d6595d7 wp-block-columns-is-layout-flex\">\n<div class=\"wp-block-column is-layout-flow wp-block-column-is-layout-flow\" style=\"flex-basis:100%\"><div class=\"wp-block-image\">\n<figure class=\"aligncenter size-large is-resized\"><img loading=\"lazy\" decoding=\"async\" width=\"913\" height=\"1024\" src=\"https:\/\/marilenepaiva.com\/wp-content\/uploads\/2025\/09\/F4-11-913x1024.jpeg\" alt=\"\" class=\"wp-image-6162\" style=\"width:788px;height:auto\" srcset=\"https:\/\/marilenepaiva.com\/wp-content\/uploads\/2025\/09\/F4-11-913x1024.jpeg 913w, https:\/\/marilenepaiva.com\/wp-content\/uploads\/2025\/09\/F4-11-267x300.jpeg 267w, https:\/\/marilenepaiva.com\/wp-content\/uploads\/2025\/09\/F4-11-768x862.jpeg 768w, https:\/\/marilenepaiva.com\/wp-content\/uploads\/2025\/09\/F4-11-1369x1536.jpeg 1369w, https:\/\/marilenepaiva.com\/wp-content\/uploads\/2025\/09\/F4-11.jpeg 1426w\" sizes=\"auto, (max-width: 913px) 100vw, 913px\" \/><\/figure>\n<\/div><\/div>\n<\/div>\n\n\n\n<p class=\"has-black-color has-text-color has-link-color has-medium-font-size wp-elements-a5f087cf8901ea2996579fbfb850717d\"><em>Em almo\u00e7o celebrativo no Hachi Hooftop, os ju\u00edzes festejam 21 anos de Magistratura:\u00a0 Anna Orgete, Uefla Fernandes, Cintia Cibelle, Welma Menezes, Adriana Santiago, K\u00e1tia Cristina, Edino Jales e a convidada Daniela Rosado. Tim-tim, meus amores!<\/em><\/p>\n\n\n\n<div class=\"wp-block-columns is-layout-flex wp-container-core-columns-is-layout-9d6595d7 wp-block-columns-is-layout-flex\">\n<div class=\"wp-block-column is-layout-flow wp-block-column-is-layout-flow\" style=\"flex-basis:100%\"><div class=\"wp-block-image\">\n<figure class=\"aligncenter size-large\"><img loading=\"lazy\" decoding=\"async\" width=\"691\" height=\"1024\" src=\"https:\/\/marilenepaiva.com\/wp-content\/uploads\/2025\/09\/F5-11-691x1024.jpeg\" alt=\"\" class=\"wp-image-6163\" srcset=\"https:\/\/marilenepaiva.com\/wp-content\/uploads\/2025\/09\/F5-11-691x1024.jpeg 691w, https:\/\/marilenepaiva.com\/wp-content\/uploads\/2025\/09\/F5-11-202x300.jpeg 202w, https:\/\/marilenepaiva.com\/wp-content\/uploads\/2025\/09\/F5-11.jpeg 751w\" sizes=\"auto, (max-width: 691px) 100vw, 691px\" \/><\/figure>\n<\/div><\/div>\n<\/div>\n\n\n\n<p class=\"has-black-color has-text-color has-link-color has-medium-font-size wp-elements-b5a3115d10c11538d9d317c7ccdb2fdd\"><em>Bianca Ara\u00fajo e o GLOBAL ator Igor Fortunato, participantes da linda abertura do CONCED com o Diocecena. E viva Roberta Schumara!<\/em><\/p>\n\n\n\n<div class=\"wp-block-columns is-layout-flex wp-container-core-columns-is-layout-9d6595d7 wp-block-columns-is-layout-flex\">\n<div class=\"wp-block-column is-layout-flow wp-block-column-is-layout-flow\" style=\"flex-basis:100%\"><div class=\"wp-block-image\">\n<figure class=\"aligncenter size-large\"><img loading=\"lazy\" decoding=\"async\" width=\"1024\" height=\"763\" src=\"https:\/\/marilenepaiva.com\/wp-content\/uploads\/2025\/09\/F6-6-1024x763.jpeg\" alt=\"\" class=\"wp-image-6164\" srcset=\"https:\/\/marilenepaiva.com\/wp-content\/uploads\/2025\/09\/F6-6-1024x763.jpeg 1024w, https:\/\/marilenepaiva.com\/wp-content\/uploads\/2025\/09\/F6-6-300x224.jpeg 300w, https:\/\/marilenepaiva.com\/wp-content\/uploads\/2025\/09\/F6-6-768x572.jpeg 768w, https:\/\/marilenepaiva.com\/wp-content\/uploads\/2025\/09\/F6-6.jpeg 1079w\" sizes=\"auto, (max-width: 1024px) 100vw, 1024px\" \/><\/figure>\n<\/div><\/div>\n<\/div>\n\n\n\n<p class=\"has-black-color has-text-color has-link-color has-medium-font-size wp-elements-47484f597d1bc7823b2a7227cc2544dc\"><em>A delega\u00e7\u00e3o que representou o Rio Grande do Norte no I Festival Forr\u00f3 de Raiz em Lille, na Fran\u00e7a, fez bonito e levou nosso xote e bai\u00e3o para encantar os europeus. O grupo contou com o apoio total da governadora F\u00e1tima Bezerra, que vibrou com a internacionaliza\u00e7\u00e3o da nossa cultura popular. Orgulho potiguar que atravessa oceanos! Em nome do nosso amigo Maestro Cl\u00e1udio Sanfoneiro abra\u00e7amos a todos!<\/em><\/p>\n\n\n\n<p><\/p>\n","protected":false},"excerpt":{"rendered":"<p>ORFEU \u201cA exist\u00eancia da humanidade, se por ela se entende qualquer coisa mais que a esp\u00e9cie animal chamada homem, \u00e9 t\u00e3o hipot\u00e9tica e racionalmente indemonstr\u00e1vel como a exist\u00eancia de Deus. Se, por\u00e9m, por humanidade, se entende a esp\u00e9cie animal chamada homem, ent\u00e3o existe para os biologistas, para os m\u00e9dicos \u2014 para todos quantos estudam, de [&hellip;]<\/p>\n","protected":false},"author":1,"featured_media":5152,"comment_status":"open","ping_status":"open","sticky":false,"template":"","format":"standard","meta":{"footnotes":""},"categories":[3],"tags":[],"class_list":["post-6158","post","type-post","status-publish","format-standard","has-post-thumbnail","hentry","category-colunas"],"_links":{"self":[{"href":"https:\/\/marilenepaiva.com\/index.php?rest_route=\/wp\/v2\/posts\/6158","targetHints":{"allow":["GET"]}}],"collection":[{"href":"https:\/\/marilenepaiva.com\/index.php?rest_route=\/wp\/v2\/posts"}],"about":[{"href":"https:\/\/marilenepaiva.com\/index.php?rest_route=\/wp\/v2\/types\/post"}],"author":[{"embeddable":true,"href":"https:\/\/marilenepaiva.com\/index.php?rest_route=\/wp\/v2\/users\/1"}],"replies":[{"embeddable":true,"href":"https:\/\/marilenepaiva.com\/index.php?rest_route=%2Fwp%2Fv2%2Fcomments&post=6158"}],"version-history":[{"count":1,"href":"https:\/\/marilenepaiva.com\/index.php?rest_route=\/wp\/v2\/posts\/6158\/revisions"}],"predecessor-version":[{"id":6165,"href":"https:\/\/marilenepaiva.com\/index.php?rest_route=\/wp\/v2\/posts\/6158\/revisions\/6165"}],"wp:featuredmedia":[{"embeddable":true,"href":"https:\/\/marilenepaiva.com\/index.php?rest_route=\/wp\/v2\/media\/5152"}],"wp:attachment":[{"href":"https:\/\/marilenepaiva.com\/index.php?rest_route=%2Fwp%2Fv2%2Fmedia&parent=6158"}],"wp:term":[{"taxonomy":"category","embeddable":true,"href":"https:\/\/marilenepaiva.com\/index.php?rest_route=%2Fwp%2Fv2%2Fcategories&post=6158"},{"taxonomy":"post_tag","embeddable":true,"href":"https:\/\/marilenepaiva.com\/index.php?rest_route=%2Fwp%2Fv2%2Ftags&post=6158"}],"curies":[{"name":"wp","href":"https:\/\/api.w.org\/{rel}","templated":true}]}}