{"id":6167,"date":"2025-09-18T18:12:09","date_gmt":"2025-09-18T18:12:09","guid":{"rendered":"https:\/\/marilenepaiva.com\/?p=6167"},"modified":"2025-09-18T18:12:11","modified_gmt":"2025-09-18T18:12:11","slug":"presenca-news-19-de-setembro-de-2025","status":"publish","type":"post","link":"https:\/\/marilenepaiva.com\/?p=6167","title":{"rendered":"PRESEN\u00c7A NEWS 19 DE SETEMBRO DE 2025"},"content":{"rendered":"\n<blockquote class=\"wp-block-quote is-layout-flow wp-block-quote-is-layout-flow\">\n<p class=\"has-large-font-size\"><strong>ORFEU<\/strong><\/p>\n\n\n\n<p><strong>\u201c<\/strong><strong>A. Mora:<\/strong><\/p>\n\n\n\n<p class=\"has-medium-font-size\"><strong>As fic\u00e7\u00f5es da mem\u00f3ria seguem as caracter\u00edsticas do mundo externo, de que s\u00e3o a reprodu\u00e7\u00e3o mais ou menos exacta. Caracteriza o mundo externo a exterioridade espacial e temporal, a pluralidade do conte\u00fado, e a sujei\u00e7\u00e3o a uma lei. [&#8230;] Caracteriza o mundo da imagina\u00e7\u00e3o a exterioridade n\u00e3o-espacial e apenas conscientemente temporal, o indefinismo unificado no conte\u00fado, e a aus\u00eancia de lei aparente. Caracteriza o mundo da abstrac\u00e7\u00e3o a n\u00e3o-exterioridade de seus conceitos, a pluralidade abstracta do seu conte\u00fado, e a sujei\u00e7\u00e3o a uma lei racional porque imanente (racioc\u00ednio) nos conceitos em que impera.\u201d<\/strong><\/p>\n\n\n\n<p class=\"has-black-color has-text-color has-link-color has-small-font-size wp-elements-21bc5dba8ae443f8126f9f94fee075ce\">Fernando Pessoa<\/p>\n<\/blockquote>\n\n\n\n<div class=\"wp-block-columns is-layout-flex wp-container-core-columns-is-layout-9d6595d7 wp-block-columns-is-layout-flex\">\n<div class=\"wp-block-column is-layout-flow wp-block-column-is-layout-flow\" style=\"flex-basis:100%\"><div class=\"wp-block-image\">\n<figure class=\"aligncenter size-full is-resized\"><img decoding=\"async\" src=\"https:\/\/marilenepaiva.com\/wp-content\/uploads\/2025\/09\/iate.jpg\" alt=\"\" class=\"wp-image-6107\" style=\"width:353px;height:auto\"\/><\/figure>\n<\/div><\/div>\n<\/div>\n\n\n\n<p class=\"has-large-font-size\"><strong>CHAMPANHE NO GELO<\/strong><\/p>\n\n\n\n<p class=\"has-black-color has-text-color has-link-color has-medium-font-size wp-elements-70bb128d9b26247945abfb244f8cd4d4\">Celebram idade nova hoje: Raimundo Fernandes J\u00fanior, S\u00e9rgio Lima, Sarah Sidou, Andrea Carvalho, Anna Paula, Janaina Farias, Caju Oliveira, Jos\u00e9 Esio, Marileide Couto, Herb\u00eania Ferreira, Saulo Spinelly, Tr\u00edcia N\u00f3brega, Maria do Vale, Th\u00e2mara Glyssya e Clara Alves. Felicidades!!!<\/p>\n\n\n\n<div class=\"wp-block-columns is-layout-flex wp-container-core-columns-is-layout-9d6595d7 wp-block-columns-is-layout-flex\">\n<div class=\"wp-block-column is-layout-flow wp-block-column-is-layout-flow\" style=\"flex-basis:100%\"><div class=\"wp-block-image\">\n<figure class=\"aligncenter size-full is-resized\"><img decoding=\"async\" src=\"https:\/\/marilenepaiva.com\/wp-content\/uploads\/2025\/09\/royalface.jpg\" alt=\"\" class=\"wp-image-6109\" style=\"width:222px;height:auto\"\/><\/figure>\n<\/div><\/div>\n<\/div>\n\n\n\n<p class=\"has-large-font-size\"><strong>MOSSOR\u00d3 OIL &amp; GAS ENERGY<\/strong><\/p>\n\n\n\n<p class=\"has-black-color has-text-color has-link-color has-medium-font-size wp-elements-a23b79a27b906cc77edf869703179752\">Vem a\u00ed a 10\u00aa edi\u00e7\u00e3o do Mossor\u00f3 Oil &amp; Gas Energy, que ser\u00e1 realizada nos dias 25, 26 e 27 de novembro, na \u00e1rea de eventos do Partage Shopping Mossor\u00f3. Ser\u00e3o 220 estandes reunindo expositores e visitantes nacionais e internacionais, promovendo networking, atraindo investimentos e movimentando a economia local e a rede hoteleira. Um dos maiores eventos do setor no Nordeste!<\/p>\n\n\n\n<div class=\"wp-block-columns is-layout-flex wp-container-core-columns-is-layout-9d6595d7 wp-block-columns-is-layout-flex\">\n<div class=\"wp-block-column is-layout-flow wp-block-column-is-layout-flow\" style=\"flex-basis:100%\"><div class=\"wp-block-image\">\n<figure class=\"aligncenter size-large is-resized\"><img decoding=\"async\" src=\"https:\/\/marilenepaiva.com\/wp-content\/uploads\/2025\/09\/Imagem-do-WhatsApp-de-2024-04-04-as-08.53.06_7c569f46-1024x241.jpg\" alt=\"\" class=\"wp-image-6108\" style=\"width:442px;height:auto\"\/><\/figure>\n<\/div><\/div>\n<\/div>\n\n\n\n<p class=\"has-large-font-size\"><strong>ETIQUETA COM BOM HUMOR<\/strong><\/p>\n\n\n\n<p class=\"has-black-color has-text-color has-link-color has-medium-font-size wp-elements-3c7f89cc2178feec90eee3c1d97bab64\">Nada de virar zumbi do celular quando estiver entre gente de verdade!&nbsp; Quer causar boa impress\u00e3o? Olhe nos olhos, sorria e finja que ouvir de verdade \u00e9 a sua especialidade. Educa\u00e7\u00e3o com pitada de charme e um leve deboche faz qualquer mesa chata virar palco de boas risadas. N\u00e9?!<\/p>\n\n\n\n<figure class=\"wp-block-gallery has-nested-images columns-2 is-cropped wp-block-gallery-1 is-layout-flex wp-block-gallery-is-layout-flex\">\n<figure class=\"wp-block-image size-large\"><img decoding=\"async\" data-id=\"6111\" src=\"https:\/\/marilenepaiva.com\/wp-content\/uploads\/2025\/09\/trattoria.png\" alt=\"\" class=\"wp-image-6111\"\/><\/figure>\n\n\n\n<figure class=\"wp-block-image size-large\"><img decoding=\"async\" data-id=\"6110\" src=\"https:\/\/marilenepaiva.com\/wp-content\/uploads\/2025\/09\/serraboi.png\" alt=\"\" class=\"wp-image-6110\"\/><\/figure>\n\n\n\n<figure class=\"wp-block-image size-large\"><img decoding=\"async\" data-id=\"6105\" src=\"https:\/\/marilenepaiva.com\/wp-content\/uploads\/2025\/09\/22.png\" alt=\"\" class=\"wp-image-6105\"\/><\/figure>\n\n\n\n<figure class=\"wp-block-image size-large\"><img decoding=\"async\" data-id=\"6106\" src=\"https:\/\/marilenepaiva.com\/wp-content\/uploads\/2025\/09\/Captura-de-tela-2024-02-19-222258.png\" alt=\"\" class=\"wp-image-6106\"\/><\/figure>\n<\/figure>\n\n\n\n<p><\/p>\n\n\n\n<div class=\"wp-block-columns is-layout-flex wp-container-core-columns-is-layout-9d6595d7 wp-block-columns-is-layout-flex\">\n<div class=\"wp-block-column is-layout-flow wp-block-column-is-layout-flow\" style=\"flex-basis:100%\"><div class=\"wp-block-image\">\n<figure class=\"aligncenter size-large\"><img loading=\"lazy\" decoding=\"async\" width=\"838\" height=\"1024\" src=\"https:\/\/marilenepaiva.com\/wp-content\/uploads\/2025\/09\/F1-12-838x1024.jpeg\" alt=\"\" class=\"wp-image-6168\" srcset=\"https:\/\/marilenepaiva.com\/wp-content\/uploads\/2025\/09\/F1-12-838x1024.jpeg 838w, https:\/\/marilenepaiva.com\/wp-content\/uploads\/2025\/09\/F1-12-246x300.jpeg 246w, https:\/\/marilenepaiva.com\/wp-content\/uploads\/2025\/09\/F1-12-768x938.jpeg 768w, https:\/\/marilenepaiva.com\/wp-content\/uploads\/2025\/09\/F1-12.jpeg 1048w\" sizes=\"auto, (max-width: 838px) 100vw, 838px\" \/><\/figure>\n<\/div><\/div>\n<\/div>\n\n\n\n<p class=\"has-black-color has-text-color has-link-color has-medium-font-size wp-elements-e8a4f40f76d53ac56718f8440a4c9994\"><em>Em Bel\u00e9m do Par\u00e1, os queridos delegados Igor Licurgo e Lua Vieira casaram em cerim\u00f4nia civil. A lua de mel na Europa, Fran\u00e7a, It\u00e1lia e Espanha. O SIM religioso, em novembro, na Igrejinha dos Barcos. Parab\u00e9ns!<\/em><\/p>\n\n\n\n<div class=\"wp-block-columns is-layout-flex wp-container-core-columns-is-layout-9d6595d7 wp-block-columns-is-layout-flex\">\n<div class=\"wp-block-column is-layout-flow wp-block-column-is-layout-flow\" style=\"flex-basis:100%\"><div class=\"wp-block-image\">\n<figure class=\"aligncenter size-full\"><img loading=\"lazy\" decoding=\"async\" width=\"782\" height=\"975\" src=\"https:\/\/marilenepaiva.com\/wp-content\/uploads\/2025\/09\/F2-12.jpeg\" alt=\"\" class=\"wp-image-6169\" srcset=\"https:\/\/marilenepaiva.com\/wp-content\/uploads\/2025\/09\/F2-12.jpeg 782w, https:\/\/marilenepaiva.com\/wp-content\/uploads\/2025\/09\/F2-12-241x300.jpeg 241w, https:\/\/marilenepaiva.com\/wp-content\/uploads\/2025\/09\/F2-12-768x958.jpeg 768w\" sizes=\"auto, (max-width: 782px) 100vw, 782px\" \/><\/figure>\n<\/div><\/div>\n<\/div>\n\n\n\n<p class=\"has-black-color has-text-color has-link-color has-medium-font-size wp-elements-18c71d015bb067ced430928c8b8467a6\"><em>O cirurgi\u00e3o-dentista Ney Robson, CEO da Oral Cl\u00ednica, participou em S\u00e3o Paulo do Congresso Index 25, ao lado do Diretor-Presidente do Grupo NEODENT Prof. Dr. Geninho Thom\u00e9, do Prof. Jos\u00e9 Bernardes e da Coordenadora Isis Maire. Celebrando novos saberes e formando participa\u00e7\u00e3o no Congresso Celebrar 2026.<\/em><\/p>\n\n\n\n<div class=\"wp-block-columns is-layout-flex wp-container-core-columns-is-layout-9d6595d7 wp-block-columns-is-layout-flex\">\n<div class=\"wp-block-column is-layout-flow wp-block-column-is-layout-flow\" style=\"flex-basis:100%\"><div class=\"wp-block-image\">\n<figure class=\"aligncenter size-large\"><img loading=\"lazy\" decoding=\"async\" width=\"767\" height=\"1024\" src=\"https:\/\/marilenepaiva.com\/wp-content\/uploads\/2025\/09\/F3-12-767x1024.jpeg\" alt=\"\" class=\"wp-image-6170\" srcset=\"https:\/\/marilenepaiva.com\/wp-content\/uploads\/2025\/09\/F3-12-767x1024.jpeg 767w, https:\/\/marilenepaiva.com\/wp-content\/uploads\/2025\/09\/F3-12-225x300.jpeg 225w, https:\/\/marilenepaiva.com\/wp-content\/uploads\/2025\/09\/F3-12-768x1025.jpeg 768w, https:\/\/marilenepaiva.com\/wp-content\/uploads\/2025\/09\/F3-12.jpeg 959w\" sizes=\"auto, (max-width: 767px) 100vw, 767px\" \/><\/figure>\n<\/div><\/div>\n<\/div>\n\n\n\n<p class=\"has-black-color has-text-color has-link-color has-medium-font-size wp-elements-643e8e38a6b74d6ea8922e1b493b2417\"><em>-Em Goi\u00e2nia, as ginecologistas obstetras Ros\u00e1rio Mota, Rejane Holanda, \u00cdris Menezes e Laysa Moreira participam do XXVII Congresso Brasileiro de Patologia do Trato Genital Inferior e Colposcopia. Ci\u00eancia, atualiza\u00e7\u00e3o e troca de conhecimento em destaque! Salve, simpatias!<\/em><\/p>\n\n\n\n<div class=\"wp-block-columns is-layout-flex wp-container-core-columns-is-layout-9d6595d7 wp-block-columns-is-layout-flex\">\n<div class=\"wp-block-column is-layout-flow wp-block-column-is-layout-flow\" style=\"flex-basis:100%\"><div class=\"wp-block-image\">\n<figure class=\"aligncenter size-large\"><img loading=\"lazy\" decoding=\"async\" width=\"1017\" height=\"1024\" src=\"https:\/\/marilenepaiva.com\/wp-content\/uploads\/2025\/09\/F4-12-1017x1024.jpeg\" alt=\"\" class=\"wp-image-6171\" srcset=\"https:\/\/marilenepaiva.com\/wp-content\/uploads\/2025\/09\/F4-12-1017x1024.jpeg 1017w, https:\/\/marilenepaiva.com\/wp-content\/uploads\/2025\/09\/F4-12-298x300.jpeg 298w, https:\/\/marilenepaiva.com\/wp-content\/uploads\/2025\/09\/F4-12-150x150.jpeg 150w, https:\/\/marilenepaiva.com\/wp-content\/uploads\/2025\/09\/F4-12-768x773.jpeg 768w, https:\/\/marilenepaiva.com\/wp-content\/uploads\/2025\/09\/F4-12.jpeg 1079w\" sizes=\"auto, (max-width: 1017px) 100vw, 1017px\" \/><\/figure>\n<\/div><\/div>\n<\/div>\n\n\n\n<p class=\"has-black-color has-text-color has-link-color has-medium-font-size wp-elements-4fca430b8e9f116e08e34b028712b8dd\"><em>Lindo de ver!\u00a0 A uni\u00e3o dos padres Fl\u00e1vio Augusto e Charles Lamartine com a irm\u00e3 Zel\u00e2ndia e as freiras Franciscanas Hospitaleiras do Col\u00e9gio Sagrado Cora\u00e7\u00e3o de Maria fortalece ainda mais a parceria com o Diocesano Santa Luzia, unindo gest\u00e3o e saberes em prol de uma educa\u00e7\u00e3o de excel\u00eancia.<\/em><\/p>\n\n\n\n<div class=\"wp-block-columns is-layout-flex wp-container-core-columns-is-layout-9d6595d7 wp-block-columns-is-layout-flex\">\n<div class=\"wp-block-column is-layout-flow wp-block-column-is-layout-flow\" style=\"flex-basis:100%\"><div class=\"wp-block-image\">\n<figure class=\"aligncenter size-large\"><img loading=\"lazy\" decoding=\"async\" width=\"1024\" height=\"1015\" src=\"https:\/\/marilenepaiva.com\/wp-content\/uploads\/2025\/09\/F5-12-1024x1015.jpeg\" alt=\"\" class=\"wp-image-6172\" srcset=\"https:\/\/marilenepaiva.com\/wp-content\/uploads\/2025\/09\/F5-12-1024x1015.jpeg 1024w, https:\/\/marilenepaiva.com\/wp-content\/uploads\/2025\/09\/F5-12-300x298.jpeg 300w, https:\/\/marilenepaiva.com\/wp-content\/uploads\/2025\/09\/F5-12-150x150.jpeg 150w, https:\/\/marilenepaiva.com\/wp-content\/uploads\/2025\/09\/F5-12-768x762.jpeg 768w, https:\/\/marilenepaiva.com\/wp-content\/uploads\/2025\/09\/F5-12.jpeg 1080w\" sizes=\"auto, (max-width: 1024px) 100vw, 1024px\" \/><\/figure>\n<\/div><\/div>\n<\/div>\n\n\n\n<p class=\"has-black-color has-text-color has-link-color has-medium-font-size wp-elements-184f0f6ae7ae0d2ab045aa49337f23a9\"><em>A prefeita de Pau dos Ferros Marianna Almeida com a vice-prefeita Lara Figueiredo recebendo o abra\u00e7o do deputado Galeno Torquato e do advogado Fl\u00e1vio J\u00fanior da F7 Produ\u00e7\u00f5es, na noite de encerramento da Finecap. Sucesso total!<\/em><\/p>\n\n\n\n<div class=\"wp-block-columns is-layout-flex wp-container-core-columns-is-layout-9d6595d7 wp-block-columns-is-layout-flex\">\n<div class=\"wp-block-column is-layout-flow wp-block-column-is-layout-flow\" style=\"flex-basis:100%\"><div class=\"wp-block-image\">\n<figure class=\"aligncenter size-large\"><img loading=\"lazy\" decoding=\"async\" width=\"711\" height=\"1024\" src=\"https:\/\/marilenepaiva.com\/wp-content\/uploads\/2025\/09\/F6-7-711x1024.jpeg\" alt=\"\" class=\"wp-image-6173\" srcset=\"https:\/\/marilenepaiva.com\/wp-content\/uploads\/2025\/09\/F6-7-711x1024.jpeg 711w, https:\/\/marilenepaiva.com\/wp-content\/uploads\/2025\/09\/F6-7-208x300.jpeg 208w, https:\/\/marilenepaiva.com\/wp-content\/uploads\/2025\/09\/F6-7-768x1106.jpeg 768w, https:\/\/marilenepaiva.com\/wp-content\/uploads\/2025\/09\/F6-7.jpeg 889w\" sizes=\"auto, (max-width: 711px) 100vw, 711px\" \/><\/figure>\n<\/div><\/div>\n<\/div>\n\n\n\n<p class=\"has-black-color has-text-color has-link-color has-medium-font-size wp-elements-db83b8c1c40a28bce39aa3b1c9cec994\"><em>A franqueada D\u00e9bora Fran\u00e7a ao lado dos s\u00f3cios da Royal Face &#8211; Fl\u00e1via Alessandra e Otaviano Costa &#8211; juntos na 4\u00aa Conven\u00e7\u00e3o Nacional de Franqueados Royal Face, realizada no WTC Events Center em S\u00e3o Paulo. Amo!!!<\/em><\/p>\n\n\n\n<p><\/p>\n","protected":false},"excerpt":{"rendered":"<p>ORFEU \u201cA. Mora: As fic\u00e7\u00f5es da mem\u00f3ria seguem as caracter\u00edsticas do mundo externo, de que s\u00e3o a reprodu\u00e7\u00e3o mais ou menos exacta. Caracteriza o mundo externo a exterioridade espacial e temporal, a pluralidade do conte\u00fado, e a sujei\u00e7\u00e3o a uma lei. [&#8230;] Caracteriza o mundo da imagina\u00e7\u00e3o a exterioridade n\u00e3o-espacial e apenas conscientemente temporal, o [&hellip;]<\/p>\n","protected":false},"author":1,"featured_media":5152,"comment_status":"open","ping_status":"open","sticky":false,"template":"","format":"standard","meta":{"footnotes":""},"categories":[3],"tags":[],"class_list":["post-6167","post","type-post","status-publish","format-standard","has-post-thumbnail","hentry","category-colunas"],"_links":{"self":[{"href":"https:\/\/marilenepaiva.com\/index.php?rest_route=\/wp\/v2\/posts\/6167","targetHints":{"allow":["GET"]}}],"collection":[{"href":"https:\/\/marilenepaiva.com\/index.php?rest_route=\/wp\/v2\/posts"}],"about":[{"href":"https:\/\/marilenepaiva.com\/index.php?rest_route=\/wp\/v2\/types\/post"}],"author":[{"embeddable":true,"href":"https:\/\/marilenepaiva.com\/index.php?rest_route=\/wp\/v2\/users\/1"}],"replies":[{"embeddable":true,"href":"https:\/\/marilenepaiva.com\/index.php?rest_route=%2Fwp%2Fv2%2Fcomments&post=6167"}],"version-history":[{"count":1,"href":"https:\/\/marilenepaiva.com\/index.php?rest_route=\/wp\/v2\/posts\/6167\/revisions"}],"predecessor-version":[{"id":6174,"href":"https:\/\/marilenepaiva.com\/index.php?rest_route=\/wp\/v2\/posts\/6167\/revisions\/6174"}],"wp:featuredmedia":[{"embeddable":true,"href":"https:\/\/marilenepaiva.com\/index.php?rest_route=\/wp\/v2\/media\/5152"}],"wp:attachment":[{"href":"https:\/\/marilenepaiva.com\/index.php?rest_route=%2Fwp%2Fv2%2Fmedia&parent=6167"}],"wp:term":[{"taxonomy":"category","embeddable":true,"href":"https:\/\/marilenepaiva.com\/index.php?rest_route=%2Fwp%2Fv2%2Fcategories&post=6167"},{"taxonomy":"post_tag","embeddable":true,"href":"https:\/\/marilenepaiva.com\/index.php?rest_route=%2Fwp%2Fv2%2Ftags&post=6167"}],"curies":[{"name":"wp","href":"https:\/\/api.w.org\/{rel}","templated":true}]}}