{"id":6175,"date":"2025-09-19T20:35:38","date_gmt":"2025-09-19T20:35:38","guid":{"rendered":"https:\/\/marilenepaiva.com\/?p=6175"},"modified":"2025-09-19T20:35:39","modified_gmt":"2025-09-19T20:35:39","slug":"presenca-news-20-de-setembro-de-2025","status":"publish","type":"post","link":"https:\/\/marilenepaiva.com\/?p=6175","title":{"rendered":"PRESEN\u00c7A NEWS 20 DE SETEMBRO DE 2025"},"content":{"rendered":"\n<blockquote class=\"wp-block-quote is-layout-flow wp-block-quote-is-layout-flow\">\n<p class=\"has-large-font-size\"><strong>ORFEU<\/strong><\/p>\n\n\n\n<p class=\"has-medium-font-size\"><strong>\u201cO que ficar\u00e1 de mim ser\u00e1 falso.<br>\u2014 O que ficar\u00e1 de mim ser\u00e1 falso.<br>\u2014 O que \u00e9 uma coisa ser falsa?<br>\u2014 N\u00e3o sei.\u201d<\/strong><\/p>\n\n\n\n<p class=\"has-black-color has-text-color has-link-color has-small-font-size wp-elements-21bc5dba8ae443f8126f9f94fee075ce\">Fernando Pessoa<\/p>\n<\/blockquote>\n\n\n\n<div class=\"wp-block-columns is-layout-flex wp-container-core-columns-is-layout-9d6595d7 wp-block-columns-is-layout-flex\">\n<div class=\"wp-block-column is-layout-flow wp-block-column-is-layout-flow\" style=\"flex-basis:100%\"><div class=\"wp-block-image\">\n<figure class=\"aligncenter size-full is-resized\"><img decoding=\"async\" src=\"https:\/\/marilenepaiva.com\/wp-content\/uploads\/2025\/09\/royalface.jpg\" alt=\"\" class=\"wp-image-6109\" style=\"width:282px;height:auto\"\/><\/figure>\n<\/div><\/div>\n<\/div>\n\n\n\n<p class=\"has-large-font-size\"><strong>CHAMPANHE NO GELO<\/strong><\/p>\n\n\n\n<p class=\"has-black-color has-text-color has-link-color has-medium-font-size wp-elements-974aac19420c41218fe613a571c32289\">Celebram idade nova hoje: Carlos Pinto, Breno Val\u00e9rio Fausto de Medeiros, Francisco H\u00e9lio da Costa, Clotildes Freitas, C\u00e9lia Lins, Marquilene Ara\u00fajo, Caliane Sousa, Patr\u00edcio S\u00e1vio, Joseane Dantas, \u00c2ngelo Silva, Socorrinha Maia, Tiago Soares, Lidiane Laene, Luiz Gustavo Sena, Daniel Di Pace Pinheiro, Cl\u00e1udio Ant\u00f4nio do Nascimento e Gabriel Mota. E, amanh\u00e3, antecipamos os votos para: Gilmar Di\u00f3genes, George Soares, Caroline Francelino, Ana Paula Viana, Gili Maia, J\u00fanior Adour, Rafaela Souza e b\u00e1rbara Lana. E, na segunda, festa da vida para Francisco Cure de Medeiros, Neide Pereira, Willian Batista da Mota Filho, Vanessa Silva, Izaura Helena, Raiany Menezes, Joaquim Alves Neto, Isabel Maria, Sandra Lima, Alyne Fernandes Vieira, Ruzilene Fernandes, Neide Silva e Ant\u00f4nio Jaimar Gomes. Parab\u00e9ns, felicidades!<\/p>\n\n\n\n<div class=\"wp-block-columns is-layout-flex wp-container-core-columns-is-layout-9d6595d7 wp-block-columns-is-layout-flex\">\n<div class=\"wp-block-column is-layout-flow wp-block-column-is-layout-flow\" style=\"flex-basis:100%\"><div class=\"wp-block-image\">\n<figure class=\"aligncenter size-large is-resized\"><img decoding=\"async\" src=\"https:\/\/marilenepaiva.com\/wp-content\/uploads\/2025\/09\/Imagem-do-WhatsApp-de-2024-04-04-as-08.53.06_7c569f46-1024x241.jpg\" alt=\"\" class=\"wp-image-6108\" style=\"width:416px;height:auto\"\/><\/figure>\n<\/div><\/div>\n<\/div>\n\n\n\n<p class=\"has-large-font-size\"><strong>MIMA &amp; FL\u00c1VIO 60 + 60<\/strong><\/p>\n\n\n\n<p class=\"has-black-color has-text-color has-link-color has-medium-font-size wp-elements-3727a7e3c52d1c2be9c6f48f682b88cb\">Prepare-se porque hoje tem festa das grandes no Tch\u00ea! A partir das 15h, os queridos Mima Adour e Fl\u00e1vio Vasconcelos recebem convidados do Brasil inteiro, especialmente de Pernambuco, para celebrar o 60 + 60. Teremos bolo de Tereza Cristina, doces de Diana Hellen, buffet delicioso do Tch\u00ea e decora\u00e7\u00e3o de Edilene Benjamim. E para n\u00e3o deixar ningu\u00e9m parado, Samba Mix, Davson Daves e Crys Saraiva garantem o som. Tudo sob o comando do cerimonial de F\u00e1tima Matos, com os flashes de Cl\u00e1udio Roberto e Ediv\u00e2nia, e ilumina\u00e7\u00e3o das estrelas CYM, by Thiego Casado. Vai ser sensacional!<\/p>\n\n\n\n<div class=\"wp-block-columns is-layout-flex wp-container-core-columns-is-layout-9d6595d7 wp-block-columns-is-layout-flex\">\n<div class=\"wp-block-column is-layout-flow wp-block-column-is-layout-flow\" style=\"flex-basis:100%\"><div class=\"wp-block-image\">\n<figure class=\"aligncenter size-full is-resized\"><img decoding=\"async\" src=\"https:\/\/marilenepaiva.com\/wp-content\/uploads\/2025\/09\/iate.jpg\" alt=\"\" class=\"wp-image-6107\" style=\"width:444px;height:auto\"\/><\/figure>\n<\/div><\/div>\n<\/div>\n\n\n\n<p class=\"has-large-font-size\"><strong>ORGULHO POTIGUAR<\/strong><\/p>\n\n\n\n<p class=\"has-black-color has-text-color has-link-color has-medium-font-size wp-elements-3f6851406700fbf92000267dbb541a4f\">Keity Saboya, atualmente ju\u00edza auxiliar do CNJ, lan\u00e7ou seu livro anteontem, em Bras\u00edlia e lotou a Sala de Sess\u00f5es do Supremo Tribunal Federal.<br>Foi a chegada, em grande estilo, do livro \u201cNe bis in idem\u201d, j\u00e1 aclamado no meio jur\u00eddico no Brasil antes mesmo do lan\u00e7amento oficial, anteontem, no DF.<\/p>\n\n\n\n<p class=\"has-black-color has-text-color has-link-color has-medium-font-size wp-elements-b084fcc979935a1f7b6d68ea6232fbd0\">Muitas figuras importantes do meio jur\u00eddico de todo o Brasil se fizeram presentes. Amigos e f\u00e3s de todas as paisagens do pa\u00eds a aplaudir o sucesso de Keity, que minutos antes palestrou ali mesmo, num evento supernecess\u00e1rio: \u201cRacionalidade Penal na era digital\u201d, organizado pelo STF e Ibccrim.<br>Os ju\u00edzes Ilezil Marinho, Bruno Buonicore e Marcelo Ruivo &#8211; trio competente que merece todas as honrarias, comandou o evento.<\/p>\n\n\n\n<p class=\"has-black-color has-text-color has-link-color has-medium-font-size wp-elements-278b5bae1f8c9e8631c1bdbdb5f5ef57\">N\u00e3o custa repetir: foi um sucesso! Agora aguardar lan\u00e7amento em S\u00e3o Paulo e Curitiba.<\/p>\n\n\n\n<figure class=\"wp-block-gallery has-nested-images columns-2 is-cropped wp-block-gallery-1 is-layout-flex wp-block-gallery-is-layout-flex\">\n<figure class=\"wp-block-image size-large\"><img decoding=\"async\" data-id=\"6111\" src=\"https:\/\/marilenepaiva.com\/wp-content\/uploads\/2025\/09\/trattoria.png\" alt=\"\" class=\"wp-image-6111\"\/><\/figure>\n\n\n\n<figure class=\"wp-block-image size-large\"><img decoding=\"async\" data-id=\"6110\" src=\"https:\/\/marilenepaiva.com\/wp-content\/uploads\/2025\/09\/serraboi.png\" alt=\"\" class=\"wp-image-6110\"\/><\/figure>\n\n\n\n<figure class=\"wp-block-image size-large\"><img decoding=\"async\" data-id=\"6105\" src=\"https:\/\/marilenepaiva.com\/wp-content\/uploads\/2025\/09\/22.png\" alt=\"\" class=\"wp-image-6105\"\/><\/figure>\n\n\n\n<figure class=\"wp-block-image size-large\"><img decoding=\"async\" data-id=\"6106\" src=\"https:\/\/marilenepaiva.com\/wp-content\/uploads\/2025\/09\/Captura-de-tela-2024-02-19-222258.png\" alt=\"\" class=\"wp-image-6106\"\/><\/figure>\n<\/figure>\n\n\n\n<p><\/p>\n\n\n\n<div class=\"wp-block-columns is-layout-flex wp-container-core-columns-is-layout-9d6595d7 wp-block-columns-is-layout-flex\">\n<div class=\"wp-block-column is-layout-flow wp-block-column-is-layout-flow\" style=\"flex-basis:100%\"><div class=\"wp-block-image\">\n<figure class=\"aligncenter size-large\"><img loading=\"lazy\" decoding=\"async\" width=\"1024\" height=\"1021\" src=\"https:\/\/marilenepaiva.com\/wp-content\/uploads\/2025\/09\/F1-13-1024x1021.jpeg\" alt=\"\" class=\"wp-image-6176\" srcset=\"https:\/\/marilenepaiva.com\/wp-content\/uploads\/2025\/09\/F1-13-1024x1021.jpeg 1024w, https:\/\/marilenepaiva.com\/wp-content\/uploads\/2025\/09\/F1-13-300x300.jpeg 300w, https:\/\/marilenepaiva.com\/wp-content\/uploads\/2025\/09\/F1-13-150x150.jpeg 150w, https:\/\/marilenepaiva.com\/wp-content\/uploads\/2025\/09\/F1-13-768x766.jpeg 768w, https:\/\/marilenepaiva.com\/wp-content\/uploads\/2025\/09\/F1-13.jpeg 1080w\" sizes=\"auto, (max-width: 1024px) 100vw, 1024px\" \/><\/figure>\n<\/div><\/div>\n<\/div>\n\n\n\n<p class=\"has-black-color has-text-color has-link-color has-medium-font-size wp-elements-511bfe4d3b7c9e832f687f8254f31647\"><em>Hoje \u00e9 dia de celebrar o juiz Breno Val\u00e9rio Fausto, aniversariante muito querido, homem \u00edntegro e admirado, que esbanja simpatia e eleg\u00e2ncia. Ao lado da amada esposa, Roberta Britto, brinda \u00e0 vida e \u00e0s conquistas. Que n\u00e3o faltem sa\u00fade, alegrias e as b\u00ean\u00e7\u00e3os de Nossa Senhora para iluminar sempre o caminho do casal.<\/em><\/p>\n\n\n\n<div class=\"wp-block-columns is-layout-flex wp-container-core-columns-is-layout-9d6595d7 wp-block-columns-is-layout-flex\">\n<div class=\"wp-block-column is-layout-flow wp-block-column-is-layout-flow\" style=\"flex-basis:100%\"><div class=\"wp-block-image\">\n<figure class=\"aligncenter size-large\"><img loading=\"lazy\" decoding=\"async\" width=\"758\" height=\"1024\" src=\"https:\/\/marilenepaiva.com\/wp-content\/uploads\/2025\/09\/F2-13-758x1024.jpeg\" alt=\"\" class=\"wp-image-6177\" srcset=\"https:\/\/marilenepaiva.com\/wp-content\/uploads\/2025\/09\/F2-13-758x1024.jpeg 758w, https:\/\/marilenepaiva.com\/wp-content\/uploads\/2025\/09\/F2-13-222x300.jpeg 222w, https:\/\/marilenepaiva.com\/wp-content\/uploads\/2025\/09\/F2-13-768x1038.jpeg 768w, https:\/\/marilenepaiva.com\/wp-content\/uploads\/2025\/09\/F2-13.jpeg 942w\" sizes=\"auto, (max-width: 758px) 100vw, 758px\" \/><\/figure>\n<\/div><\/div>\n<\/div>\n\n\n\n<p class=\"has-black-color has-text-color has-link-color has-medium-font-size wp-elements-358a32749305029410fa587c939d46fd\"><em>Feliz anivers\u00e1rio para Gustavo Sena, diretor do Grupo TCM e da Salineira S\u00e3o Camilo. O dia \u00e9 de festa, sorrisos e muitos mimos da esposa Taliana e dos filhos Luigi e Milton. Que essa nova volta ao sol traga ainda mais conquistas para esse homem de sucesso.<\/em><\/p>\n\n\n\n<div class=\"wp-block-columns is-layout-flex wp-container-core-columns-is-layout-9d6595d7 wp-block-columns-is-layout-flex\">\n<div class=\"wp-block-column is-layout-flow wp-block-column-is-layout-flow\" style=\"flex-basis:100%\"><div class=\"wp-block-image\">\n<figure class=\"aligncenter size-full is-resized\"><img loading=\"lazy\" decoding=\"async\" width=\"745\" height=\"496\" src=\"https:\/\/marilenepaiva.com\/wp-content\/uploads\/2025\/09\/F3-13.jpeg\" alt=\"\" class=\"wp-image-6178\" style=\"width:667px;height:auto\" srcset=\"https:\/\/marilenepaiva.com\/wp-content\/uploads\/2025\/09\/F3-13.jpeg 745w, https:\/\/marilenepaiva.com\/wp-content\/uploads\/2025\/09\/F3-13-300x200.jpeg 300w\" sizes=\"auto, (max-width: 745px) 100vw, 745px\" \/><\/figure>\n<\/div><\/div>\n<\/div>\n\n\n\n<p class=\"has-black-color has-text-color has-link-color has-medium-font-size wp-elements-7bf545b5dad8b20fb2f6d7a354e3ffd9\"><em>Lady Zilene Marques celebra com muito amor o primeiro aninho da bisneta Manuela Medeiros Vasconcelos, filha de Bianca e Igor Vasconcelos. A festa ser\u00e1 em terras cearenses. Parab\u00e9ns, meus amores!<\/em><\/p>\n\n\n\n<div class=\"wp-block-columns is-layout-flex wp-container-core-columns-is-layout-9d6595d7 wp-block-columns-is-layout-flex\">\n<div class=\"wp-block-column is-layout-flow wp-block-column-is-layout-flow\" style=\"flex-basis:100%\"><div class=\"wp-block-image\">\n<figure class=\"aligncenter size-large\"><img loading=\"lazy\" decoding=\"async\" width=\"827\" height=\"1024\" src=\"https:\/\/marilenepaiva.com\/wp-content\/uploads\/2025\/09\/F4-13-827x1024.jpeg\" alt=\"\" class=\"wp-image-6179\" srcset=\"https:\/\/marilenepaiva.com\/wp-content\/uploads\/2025\/09\/F4-13-827x1024.jpeg 827w, https:\/\/marilenepaiva.com\/wp-content\/uploads\/2025\/09\/F4-13-242x300.jpeg 242w, https:\/\/marilenepaiva.com\/wp-content\/uploads\/2025\/09\/F4-13-768x951.jpeg 768w, https:\/\/marilenepaiva.com\/wp-content\/uploads\/2025\/09\/F4-13.jpeg 969w\" sizes=\"auto, (max-width: 827px) 100vw, 827px\" \/><\/figure>\n<\/div><\/div>\n<\/div>\n\n\n\n<p class=\"has-black-color has-text-color has-link-color has-medium-font-size wp-elements-bddc0f9cd8ede9f93280275c0f788fb9\"><em>Hoje o Tch\u00ea vai tremer! Mima e Fl\u00e1vio fazem a t\u00e3o esperada festa do 60 + 60 e prometem uma tarde\/noite inesquec\u00edvel. Come\u00e7a \u00e0s 15h. At\u00e9 l\u00e1, meus amores!<\/em><\/p>\n\n\n\n<div class=\"wp-block-columns is-layout-flex wp-container-core-columns-is-layout-9d6595d7 wp-block-columns-is-layout-flex\">\n<div class=\"wp-block-column is-layout-flow wp-block-column-is-layout-flow\" style=\"flex-basis:100%\"><div class=\"wp-block-image\">\n<figure class=\"aligncenter size-large is-resized\"><img loading=\"lazy\" decoding=\"async\" width=\"768\" height=\"1024\" src=\"https:\/\/marilenepaiva.com\/wp-content\/uploads\/2025\/09\/F5-13-768x1024.jpeg\" alt=\"\" class=\"wp-image-6180\" style=\"width:288px;height:auto\" srcset=\"https:\/\/marilenepaiva.com\/wp-content\/uploads\/2025\/09\/F5-13-768x1024.jpeg 768w, https:\/\/marilenepaiva.com\/wp-content\/uploads\/2025\/09\/F5-13-225x300.jpeg 225w, https:\/\/marilenepaiva.com\/wp-content\/uploads\/2025\/09\/F5-13-1152x1536.jpeg 1152w, https:\/\/marilenepaiva.com\/wp-content\/uploads\/2025\/09\/F5-13-1536x2048.jpeg 1536w, https:\/\/marilenepaiva.com\/wp-content\/uploads\/2025\/09\/F5-13-scaled.jpeg 1920w\" sizes=\"auto, (max-width: 768px) 100vw, 768px\" \/><\/figure>\n<\/div><\/div>\n<\/div>\n\n\n\n<p class=\"has-black-color has-text-color has-link-color has-medium-font-size wp-elements-1a3599ad553e6c0fa206ae1605af54f0\"><em>A Ju\u00edza Keity Saboya e o Ministro Presidente do Supremo Luiz Roberto Barroso no lan\u00e7amento do livro da Dra. Ju\u00edza no STF, em Bras\u00edlia.<\/em><\/p>\n\n\n\n<p><\/p>\n","protected":false},"excerpt":{"rendered":"<p>ORFEU \u201cO que ficar\u00e1 de mim ser\u00e1 falso.\u2014 O que ficar\u00e1 de mim ser\u00e1 falso.\u2014 O que \u00e9 uma coisa ser falsa?\u2014 N\u00e3o sei.\u201d Fernando Pessoa CHAMPANHE NO GELO Celebram idade nova hoje: Carlos Pinto, Breno Val\u00e9rio Fausto de Medeiros, Francisco H\u00e9lio da Costa, Clotildes Freitas, C\u00e9lia Lins, Marquilene Ara\u00fajo, Caliane Sousa, Patr\u00edcio S\u00e1vio, Joseane [&hellip;]<\/p>\n","protected":false},"author":1,"featured_media":5152,"comment_status":"open","ping_status":"open","sticky":false,"template":"","format":"standard","meta":{"footnotes":""},"categories":[3],"tags":[],"class_list":["post-6175","post","type-post","status-publish","format-standard","has-post-thumbnail","hentry","category-colunas"],"_links":{"self":[{"href":"https:\/\/marilenepaiva.com\/index.php?rest_route=\/wp\/v2\/posts\/6175","targetHints":{"allow":["GET"]}}],"collection":[{"href":"https:\/\/marilenepaiva.com\/index.php?rest_route=\/wp\/v2\/posts"}],"about":[{"href":"https:\/\/marilenepaiva.com\/index.php?rest_route=\/wp\/v2\/types\/post"}],"author":[{"embeddable":true,"href":"https:\/\/marilenepaiva.com\/index.php?rest_route=\/wp\/v2\/users\/1"}],"replies":[{"embeddable":true,"href":"https:\/\/marilenepaiva.com\/index.php?rest_route=%2Fwp%2Fv2%2Fcomments&post=6175"}],"version-history":[{"count":1,"href":"https:\/\/marilenepaiva.com\/index.php?rest_route=\/wp\/v2\/posts\/6175\/revisions"}],"predecessor-version":[{"id":6181,"href":"https:\/\/marilenepaiva.com\/index.php?rest_route=\/wp\/v2\/posts\/6175\/revisions\/6181"}],"wp:featuredmedia":[{"embeddable":true,"href":"https:\/\/marilenepaiva.com\/index.php?rest_route=\/wp\/v2\/media\/5152"}],"wp:attachment":[{"href":"https:\/\/marilenepaiva.com\/index.php?rest_route=%2Fwp%2Fv2%2Fmedia&parent=6175"}],"wp:term":[{"taxonomy":"category","embeddable":true,"href":"https:\/\/marilenepaiva.com\/index.php?rest_route=%2Fwp%2Fv2%2Fcategories&post=6175"},{"taxonomy":"post_tag","embeddable":true,"href":"https:\/\/marilenepaiva.com\/index.php?rest_route=%2Fwp%2Fv2%2Ftags&post=6175"}],"curies":[{"name":"wp","href":"https:\/\/api.w.org\/{rel}","templated":true}]}}