{"id":6182,"date":"2025-09-22T20:13:23","date_gmt":"2025-09-22T20:13:23","guid":{"rendered":"https:\/\/marilenepaiva.com\/?p=6182"},"modified":"2025-09-22T20:13:24","modified_gmt":"2025-09-22T20:13:24","slug":"presenca-news-23-de-setembro-de-2025","status":"publish","type":"post","link":"https:\/\/marilenepaiva.com\/?p=6182","title":{"rendered":"PRESEN\u00c7A NEWS 23 DE SETEMBRO DE 2025"},"content":{"rendered":"\n<blockquote class=\"wp-block-quote is-layout-flow wp-block-quote-is-layout-flow\">\n<p class=\"has-large-font-size\"><strong>ORFEU<\/strong><\/p>\n\n\n\n<p class=\"has-medium-font-size\"><strong>\u201cPor mim, o meu ego\u00edsmo \u00e9 a superf\u00edcie da minha dedica\u00e7\u00e3o. O meu esp\u00edrito vive constantemente no estudo e no cuidado da Verdade, e no escr\u00fapulo de deixar quando eu despir a veste que me liga a este mundo, uma obra que sirva o progresso e o bem da Humanidade.\u201d<\/strong><\/p>\n\n\n\n<p class=\"has-black-color has-text-color has-link-color has-small-font-size wp-elements-21bc5dba8ae443f8126f9f94fee075ce\">Fernando Pessoa<\/p>\n<\/blockquote>\n\n\n\n<div class=\"wp-block-columns is-layout-flex wp-container-core-columns-is-layout-9d6595d7 wp-block-columns-is-layout-flex\">\n<div class=\"wp-block-column is-layout-flow wp-block-column-is-layout-flow\" style=\"flex-basis:100%\"><div class=\"wp-block-image\">\n<figure class=\"aligncenter size-large is-resized\"><img decoding=\"async\" src=\"https:\/\/marilenepaiva.com\/wp-content\/uploads\/2025\/09\/Imagem-do-WhatsApp-de-2024-04-04-as-08.53.06_7c569f46-1024x241.jpg\" alt=\"\" class=\"wp-image-6108\" style=\"width:595px;height:auto\"\/><\/figure>\n<\/div><\/div>\n<\/div>\n\n\n\n<p class=\"has-large-font-size\"><strong>CHAMPANHE NO GELO<\/strong><\/p>\n\n\n\n<p class=\"has-black-color has-text-color has-link-color has-medium-font-size wp-elements-b89be7bc3e70c9343f296e5ac4931f89\">Festejam idade nova hoje: Daliana Ramalho, Adson Dantas, P\u00e1dua Campos Barreto, Francisco Jos\u00e9 Silveira J\u00fanior, Ronaldo Fixina Barreto, Vit\u00f3ria Costa, Mayron Oliveira, Frederick Queiroz da Esc\u00f3ssia, Yvane Lima e Gra\u00e7a Filha. Parab\u00e9ns!!<\/p>\n\n\n\n<div class=\"wp-block-columns is-layout-flex wp-container-core-columns-is-layout-9d6595d7 wp-block-columns-is-layout-flex\">\n<div class=\"wp-block-column is-layout-flow wp-block-column-is-layout-flow\" style=\"flex-basis:100%\"><div class=\"wp-block-image\">\n<figure class=\"aligncenter size-full is-resized\"><img decoding=\"async\" src=\"https:\/\/marilenepaiva.com\/wp-content\/uploads\/2025\/09\/iate.jpg\" alt=\"\" class=\"wp-image-6107\" style=\"width:444px;height:auto\"\/><\/figure>\n<\/div><\/div>\n<\/div>\n\n\n\n<p class=\"has-large-font-size\"><strong>UNS E OUTROS<\/strong><\/p>\n\n\n\n<p class=\"has-black-color has-text-color has-link-color has-medium-font-size wp-elements-dc09a8a50e6ebc6b9e1945a3cf44cc18\">&nbsp;A festa 60 + 60 de Mima Adour e Fl\u00e1vio Vasconcelos foi puro charme no Tch\u00ea Gourmet, com ambienta\u00e7\u00e3o impec\u00e1vel de Edilene Benjamim.<\/p>\n\n\n\n<p class=\"has-black-color has-text-color has-link-color has-medium-font-size wp-elements-a2975bb33c9017fc0b64189eb3131999\">Whisky Buchanan\u2019s, vinhos, chandon, drinks e chopp em abund\u00e2ncia \u2014 ningu\u00e9m ficou com sede!<\/p>\n\n\n\n<p class=\"has-black-color has-text-color has-link-color has-medium-font-size wp-elements-e6c80358c9511bfccb33f5584fddc621\">&nbsp;Davson Daves abriu os trabalhos logo na tarde e o som seguiu at\u00e9 a noite com Samba Mix e Crys Saraiva, do jeitinho que a gente gosta.<\/p>\n\n\n\n<p class=\"has-black-color has-text-color has-link-color has-medium-font-size wp-elements-7e3612929054d56acf55e2c2892c2257\">Os Adour e Vasconcelos chegaram de todo o Brasil. Foi dan\u00e7a, canto e muita celebra\u00e7\u00e3o!<\/p>\n\n\n\n<div class=\"wp-block-columns is-layout-flex wp-container-core-columns-is-layout-9d6595d7 wp-block-columns-is-layout-flex\">\n<div class=\"wp-block-column is-layout-flow wp-block-column-is-layout-flow\" style=\"flex-basis:100%\"><div class=\"wp-block-image\">\n<figure class=\"aligncenter size-full is-resized\"><img decoding=\"async\" src=\"https:\/\/marilenepaiva.com\/wp-content\/uploads\/2025\/09\/royalface.jpg\" alt=\"\" class=\"wp-image-6109\" style=\"width:274px;height:auto\"\/><\/figure>\n<\/div><\/div>\n<\/div>\n\n\n\n<p class=\"has-black-color has-text-color has-link-color has-medium-font-size wp-elements-4f7a0d5a8e24dbcc2fd90080f63092f8\">&nbsp;Nosso look foi hit: vestido midi p&amp;b de po\u00e1s by Ateli\u00ea F\u00e1tima Carlos, cabelos loiros por Marinaldo Rocha (Vintage Sal\u00e3o) e make perfeita de Yashikeidy por Bento Carlos. Carmen Steffens completou a produ\u00e7\u00e3o com bolsas e acess\u00f3rios.<\/p>\n\n\n\n<p class=\"has-black-color has-text-color has-link-color has-medium-font-size wp-elements-06e918b778dd6d7f97bcc5783218e929\">&nbsp;O nosso retorno aos eventos sociais segue bem leve, com acompanhamento m\u00e9dico e algumas limita\u00e7\u00f5es \u2014 e t\u00e1 tudo bem!<\/p>\n\n\n\n<p class=\"has-black-color has-text-color has-link-color has-medium-font-size wp-elements-22c3250635ac39b847780b5a45ab5b1f\">&nbsp;Casal Cl\u00e1udio Roberto &amp; Ediv\u00e2nia sempre prestigiando e colaborando com a m\u00eddia social. Mirem-se nos exemplos, coleguinhas!<\/p>\n\n\n\n<p class=\"has-black-color has-text-color has-link-color has-medium-font-size wp-elements-d32f4103a87ce575a3c13be22f1f655d\">Georgiano Azevedo marcou presen\u00e7a, dividindo-se entre a seletiva do Tr\u00e1fego Look 2025 e o anivers\u00e1rio. Chegou arrasando acompanhado da mamis, Zoraide.<\/p>\n\n\n\n<p class=\"has-black-color has-text-color has-link-color has-medium-font-size wp-elements-4f2245e00a61200ff747a91b48379968\">&nbsp;Nossa alma educadora flutuou leve, leve, com os elogios cheios de afeto do empres\u00e1rio Sandro Veber, dono do Tch\u00ea Restaurante. Ele trouxe \u00e0 mem\u00f3ria nossos dias de sala de aula na Universidade, quando aprend\u00edamos com os mestres da Administra\u00e7\u00e3o \u2014 e sim, Peter Drucker esteve ali, presente em nossa lembran\u00e7a. Um encontro de festa e de ideias que aqueceu o cora\u00e7\u00e3o.<\/p>\n\n\n\n<p class=\"has-black-color has-text-color has-link-color has-medium-font-size wp-elements-4b246447950996bf93b0e855b8e88636\">&nbsp;Domingo foi dia de after na casa de Mima e Fl\u00e1vio. Bem in. Bem family. Bem do bem.<\/p>\n\n\n\n<p class=\"has-black-color has-text-color has-link-color has-medium-font-size wp-elements-74b8f218c75e63b98f7fd44cc8fd3f83\">Gratid\u00e3o, amores!<\/p>\n\n\n\n<figure class=\"wp-block-gallery has-nested-images columns-2 is-cropped wp-block-gallery-1 is-layout-flex wp-block-gallery-is-layout-flex\">\n<figure class=\"wp-block-image size-large\"><img decoding=\"async\" data-id=\"6111\" src=\"https:\/\/marilenepaiva.com\/wp-content\/uploads\/2025\/09\/trattoria.png\" alt=\"\" class=\"wp-image-6111\"\/><\/figure>\n\n\n\n<figure class=\"wp-block-image size-large\"><img decoding=\"async\" data-id=\"6110\" src=\"https:\/\/marilenepaiva.com\/wp-content\/uploads\/2025\/09\/serraboi.png\" alt=\"\" class=\"wp-image-6110\"\/><\/figure>\n\n\n\n<figure class=\"wp-block-image size-large\"><img decoding=\"async\" data-id=\"6105\" src=\"https:\/\/marilenepaiva.com\/wp-content\/uploads\/2025\/09\/22.png\" alt=\"\" class=\"wp-image-6105\"\/><\/figure>\n\n\n\n<figure class=\"wp-block-image size-large\"><img decoding=\"async\" data-id=\"6106\" src=\"https:\/\/marilenepaiva.com\/wp-content\/uploads\/2025\/09\/Captura-de-tela-2024-02-19-222258.png\" alt=\"\" class=\"wp-image-6106\"\/><\/figure>\n<\/figure>\n\n\n\n<p><\/p>\n\n\n\n<p><\/p>\n\n\n\n<div class=\"wp-block-columns is-layout-flex wp-container-core-columns-is-layout-9d6595d7 wp-block-columns-is-layout-flex\">\n<div class=\"wp-block-column is-layout-flow wp-block-column-is-layout-flow\" style=\"flex-basis:100%\"><div class=\"wp-block-image\">\n<figure class=\"aligncenter size-large\"><img loading=\"lazy\" decoding=\"async\" width=\"894\" height=\"1024\" src=\"https:\/\/marilenepaiva.com\/wp-content\/uploads\/2025\/09\/F1-14-894x1024.jpeg\" alt=\"\" class=\"wp-image-6184\" srcset=\"https:\/\/marilenepaiva.com\/wp-content\/uploads\/2025\/09\/F1-14-894x1024.jpeg 894w, https:\/\/marilenepaiva.com\/wp-content\/uploads\/2025\/09\/F1-14-262x300.jpeg 262w, https:\/\/marilenepaiva.com\/wp-content\/uploads\/2025\/09\/F1-14-768x880.jpeg 768w, https:\/\/marilenepaiva.com\/wp-content\/uploads\/2025\/09\/F1-14.jpeg 1079w\" sizes=\"auto, (max-width: 894px) 100vw, 894px\" \/><\/figure>\n<\/div><\/div>\n<\/div>\n\n\n\n<p class=\"has-black-color has-text-color has-link-color has-medium-font-size wp-elements-02599ea0e0d5278e497f3b40ba9282a4\"><em>O m\u00e9dico cardiologista Raimundo Fernandes J\u00fanior completou 85 anos e ganhou sess\u00e3o bolo confeitado da esposa Concei\u00e7\u00e3o, do Filho Erico, da nora Luara, ao lado da av\u00f3 Elizenir Rosado. Parab\u00e9ns, Dr. J\u00fanior.<\/em><\/p>\n\n\n\n<div class=\"wp-block-columns is-layout-flex wp-container-core-columns-is-layout-9d6595d7 wp-block-columns-is-layout-flex\">\n<div class=\"wp-block-column is-layout-flow wp-block-column-is-layout-flow\" style=\"flex-basis:100%\"><div class=\"wp-block-image\">\n<figure class=\"aligncenter size-large\"><img loading=\"lazy\" decoding=\"async\" width=\"1024\" height=\"608\" src=\"https:\/\/marilenepaiva.com\/wp-content\/uploads\/2025\/09\/F2-14-1024x608.jpeg\" alt=\"\" class=\"wp-image-6185\" srcset=\"https:\/\/marilenepaiva.com\/wp-content\/uploads\/2025\/09\/F2-14-1024x608.jpeg 1024w, https:\/\/marilenepaiva.com\/wp-content\/uploads\/2025\/09\/F2-14-300x178.jpeg 300w, https:\/\/marilenepaiva.com\/wp-content\/uploads\/2025\/09\/F2-14-768x456.jpeg 768w, https:\/\/marilenepaiva.com\/wp-content\/uploads\/2025\/09\/F2-14.jpeg 1080w\" sizes=\"auto, (max-width: 1024px) 100vw, 1024px\" \/><\/figure>\n<\/div><\/div>\n<\/div>\n\n\n\n<p class=\"has-black-color has-text-color has-link-color has-medium-font-size wp-elements-f24015fda2b55fbee2315ca90e3c807f\"><em>Amigos do cora\u00e7\u00e3o prestigiando a festa do casal Mima Adour e Fl\u00e1vio Vasconcelos, chiqu\u00edssimos Cleciano Galdino e Sheila Franco, Tiano Vasconcelos e N\u00e1vila, Lucas Tiano e Ingrid Regis. Foto: Cl\u00e1udio Roberto<\/em><\/p>\n\n\n\n<div class=\"wp-block-columns is-layout-flex wp-container-core-columns-is-layout-9d6595d7 wp-block-columns-is-layout-flex\">\n<div class=\"wp-block-column is-layout-flow wp-block-column-is-layout-flow\" style=\"flex-basis:100%\"><div class=\"wp-block-image\">\n<figure class=\"aligncenter size-large\"><img loading=\"lazy\" decoding=\"async\" width=\"576\" height=\"1024\" src=\"https:\/\/marilenepaiva.com\/wp-content\/uploads\/2025\/09\/F3-14-576x1024.jpeg\" alt=\"\" class=\"wp-image-6186\" srcset=\"https:\/\/marilenepaiva.com\/wp-content\/uploads\/2025\/09\/F3-14-576x1024.jpeg 576w, https:\/\/marilenepaiva.com\/wp-content\/uploads\/2025\/09\/F3-14-169x300.jpeg 169w, https:\/\/marilenepaiva.com\/wp-content\/uploads\/2025\/09\/F3-14.jpeg 720w\" sizes=\"auto, (max-width: 576px) 100vw, 576px\" \/><\/figure>\n<\/div><\/div>\n<\/div>\n\n\n\n<p class=\"has-black-color has-text-color has-link-color has-medium-font-size wp-elements-49fb34d3fb5817bfafe0da620e70f02f\"><em>Os aniversariantes Fl\u00e1vio Vasconcelos e Mima Adour recebendo o abra\u00e7o do casal Tch\u00ea Gourmet Camila e Alexandro Veber. Maravilhosos!<\/em><\/p>\n\n\n\n<div class=\"wp-block-columns is-layout-flex wp-container-core-columns-is-layout-9d6595d7 wp-block-columns-is-layout-flex\">\n<div class=\"wp-block-column is-layout-flow wp-block-column-is-layout-flow\" style=\"flex-basis:100%\"><div class=\"wp-block-image\">\n<figure class=\"aligncenter size-large\"><img loading=\"lazy\" decoding=\"async\" width=\"768\" height=\"1024\" src=\"https:\/\/marilenepaiva.com\/wp-content\/uploads\/2025\/09\/F4-14-768x1024.jpeg\" alt=\"\" class=\"wp-image-6187\" srcset=\"https:\/\/marilenepaiva.com\/wp-content\/uploads\/2025\/09\/F4-14-768x1024.jpeg 768w, https:\/\/marilenepaiva.com\/wp-content\/uploads\/2025\/09\/F4-14-225x300.jpeg 225w, https:\/\/marilenepaiva.com\/wp-content\/uploads\/2025\/09\/F4-14-1152x1536.jpeg 1152w, https:\/\/marilenepaiva.com\/wp-content\/uploads\/2025\/09\/F4-14-1536x2048.jpeg 1536w, https:\/\/marilenepaiva.com\/wp-content\/uploads\/2025\/09\/F4-14-scaled.jpeg 1920w\" sizes=\"auto, (max-width: 768px) 100vw, 768px\" \/><\/figure>\n<\/div><\/div>\n<\/div>\n\n\n\n<p class=\"has-black-color has-text-color has-link-color has-medium-font-size wp-elements-13b869069bbd7d55cf342e0a3fcb1bcd\"><em>A Magistrada Keity Saboya entre os primos Sabrina e Dudu Saboya com o \u201cNe bis in idem\u201d, no STF, em Bras\u00edlia. Um mar de gente bacana!<\/em><\/p>\n\n\n\n<div class=\"wp-block-columns is-layout-flex wp-container-core-columns-is-layout-9d6595d7 wp-block-columns-is-layout-flex\">\n<div class=\"wp-block-column is-layout-flow wp-block-column-is-layout-flow\" style=\"flex-basis:100%\"><div class=\"wp-block-image\">\n<figure class=\"aligncenter size-full\"><img loading=\"lazy\" decoding=\"async\" width=\"700\" height=\"575\" src=\"https:\/\/marilenepaiva.com\/wp-content\/uploads\/2025\/09\/F5-14.jpeg\" alt=\"\" class=\"wp-image-6188\" srcset=\"https:\/\/marilenepaiva.com\/wp-content\/uploads\/2025\/09\/F5-14.jpeg 700w, https:\/\/marilenepaiva.com\/wp-content\/uploads\/2025\/09\/F5-14-300x246.jpeg 300w\" sizes=\"auto, (max-width: 700px) 100vw, 700px\" \/><\/figure>\n<\/div><\/div>\n<\/div>\n\n\n\n<p class=\"has-black-color has-text-color has-link-color has-medium-font-size wp-elements-66b733473e574a39c051f50654918da7\"><em>Do meu cora\u00e7\u00e3o, casal S\u00e9rgio Leite e Cristiane Vieira abra\u00e7ando os queridos aniversariantes Mima e Fl\u00e1vio Vasconcelos, na Festa dos 60 + 60. Chiqu\u00edssimos!<\/em><\/p>\n\n\n\n<p><\/p>\n","protected":false},"excerpt":{"rendered":"<p>ORFEU \u201cPor mim, o meu ego\u00edsmo \u00e9 a superf\u00edcie da minha dedica\u00e7\u00e3o. O meu esp\u00edrito vive constantemente no estudo e no cuidado da Verdade, e no escr\u00fapulo de deixar quando eu despir a veste que me liga a este mundo, uma obra que sirva o progresso e o bem da Humanidade.\u201d Fernando Pessoa CHAMPANHE NO [&hellip;]<\/p>\n","protected":false},"author":1,"featured_media":6183,"comment_status":"open","ping_status":"open","sticky":false,"template":"","format":"standard","meta":{"footnotes":""},"categories":[3],"tags":[],"class_list":["post-6182","post","type-post","status-publish","format-standard","has-post-thumbnail","hentry","category-colunas"],"_links":{"self":[{"href":"https:\/\/marilenepaiva.com\/index.php?rest_route=\/wp\/v2\/posts\/6182","targetHints":{"allow":["GET"]}}],"collection":[{"href":"https:\/\/marilenepaiva.com\/index.php?rest_route=\/wp\/v2\/posts"}],"about":[{"href":"https:\/\/marilenepaiva.com\/index.php?rest_route=\/wp\/v2\/types\/post"}],"author":[{"embeddable":true,"href":"https:\/\/marilenepaiva.com\/index.php?rest_route=\/wp\/v2\/users\/1"}],"replies":[{"embeddable":true,"href":"https:\/\/marilenepaiva.com\/index.php?rest_route=%2Fwp%2Fv2%2Fcomments&post=6182"}],"version-history":[{"count":1,"href":"https:\/\/marilenepaiva.com\/index.php?rest_route=\/wp\/v2\/posts\/6182\/revisions"}],"predecessor-version":[{"id":6189,"href":"https:\/\/marilenepaiva.com\/index.php?rest_route=\/wp\/v2\/posts\/6182\/revisions\/6189"}],"wp:featuredmedia":[{"embeddable":true,"href":"https:\/\/marilenepaiva.com\/index.php?rest_route=\/wp\/v2\/media\/6183"}],"wp:attachment":[{"href":"https:\/\/marilenepaiva.com\/index.php?rest_route=%2Fwp%2Fv2%2Fmedia&parent=6182"}],"wp:term":[{"taxonomy":"category","embeddable":true,"href":"https:\/\/marilenepaiva.com\/index.php?rest_route=%2Fwp%2Fv2%2Fcategories&post=6182"},{"taxonomy":"post_tag","embeddable":true,"href":"https:\/\/marilenepaiva.com\/index.php?rest_route=%2Fwp%2Fv2%2Ftags&post=6182"}],"curies":[{"name":"wp","href":"https:\/\/api.w.org\/{rel}","templated":true}]}}