{"id":6190,"date":"2025-09-23T22:15:35","date_gmt":"2025-09-23T22:15:35","guid":{"rendered":"https:\/\/marilenepaiva.com\/?p=6190"},"modified":"2025-09-23T22:15:36","modified_gmt":"2025-09-23T22:15:36","slug":"presenca-news-24-de-setembro-de-2025","status":"publish","type":"post","link":"https:\/\/marilenepaiva.com\/?p=6190","title":{"rendered":"PRESEN\u00c7A NEWS 24 DE SETEMBRO DE 2025"},"content":{"rendered":"\n<blockquote class=\"wp-block-quote is-layout-flow wp-block-quote-is-layout-flow\">\n<p class=\"has-large-font-size\"><strong>ORFEU<\/strong><\/p>\n\n\n\n<p class=\"has-medium-font-size\"><strong>\u00a0\u201cTodo o conhecimento vem dos ou pelos sentidos; por\u00e9m n\u00e3o sabemos quantos s\u00e3o os sentidos (quantos sentidos h\u00e1). Sentidos chamamos n\u00f3s \u00e0queles dispositivos da mente pelos quais toma conhecimento (recebe uma impress\u00e3o de que qualquer coisa existe, e de que essa coisa apresenta determinado aspecto).\u201d<\/strong><\/p>\n\n\n\n<p class=\"has-black-color has-text-color has-link-color has-small-font-size wp-elements-21bc5dba8ae443f8126f9f94fee075ce\">Fernando Pessoa<\/p>\n<\/blockquote>\n\n\n\n<div class=\"wp-block-columns is-layout-flex wp-container-core-columns-is-layout-9d6595d7 wp-block-columns-is-layout-flex\">\n<div class=\"wp-block-column is-layout-flow wp-block-column-is-layout-flow\" style=\"flex-basis:100%\"><div class=\"wp-block-image\">\n<figure class=\"aligncenter size-full is-resized\"><img decoding=\"async\" src=\"https:\/\/marilenepaiva.com\/wp-content\/uploads\/2025\/09\/iate.jpg\" alt=\"\" class=\"wp-image-6107\" style=\"width:391px;height:auto\"\/><\/figure>\n<\/div><\/div>\n<\/div>\n\n\n\n<p class=\"has-large-font-size\"><strong>CHAMPANHE NO GELO<\/strong><\/p>\n\n\n\n<p class=\"has-black-color has-text-color has-link-color has-medium-font-size wp-elements-3b2b5a1b002bf785e49fab469ee0f1d2\">Apagam velinhas hoje: Soledade Fernandes de Lima, Lilian Martins, Jos\u00e9 Alcides Gurgel, Leandro Thom\u00e9, Francisco Carlos de Paula Martins, Ana Maria Nogueira Carlos, Delva Medeiros, Edna Carlos de Almeida Holanda, Jo\u00e3o Paulo de Medeiros, Maria das Gra\u00e7as Bezerra da Rocha, Fernando Fernandes. Parab\u00e9ns!!!<\/p>\n\n\n\n<div class=\"wp-block-columns is-layout-flex wp-container-core-columns-is-layout-9d6595d7 wp-block-columns-is-layout-flex\">\n<div class=\"wp-block-column is-layout-flow wp-block-column-is-layout-flow\" style=\"flex-basis:100%\"><div class=\"wp-block-image\">\n<figure class=\"aligncenter size-full is-resized\"><img decoding=\"async\" src=\"https:\/\/marilenepaiva.com\/wp-content\/uploads\/2025\/09\/royalface.jpg\" alt=\"\" class=\"wp-image-6109\" style=\"width:224px;height:auto\"\/><\/figure>\n<\/div><\/div>\n<\/div>\n\n\n\n<p class=\"has-large-font-size\"><strong>37 ANOS DA AMOL<\/strong><\/p>\n\n\n\n<p class=\"has-black-color has-text-color has-link-color has-medium-font-size wp-elements-fb99f0049383a02eb31f5d692d9d07b9\">A Academia Mossoroense de Letras celebra, no dia 25 de setembro, \u00e0s 18h30, no Pal\u00e1cio Cultural Milton Marques de Medeiros, seus 37 anos de funda\u00e7\u00e3o. A solenidade ser\u00e1 presidida pelo imortal Filemon Rodrigues. Na ocasi\u00e3o, o m\u00e9dico e imortal Dr. Jer\u00f4nimo Dix-sept Rosado Sobrinho ministrar\u00e1 uma palestra especial, revisitando a trajet\u00f3ria da AMOL ao longo de quase quatro d\u00e9cadas de hist\u00f3ria e contribui\u00e7\u00e3o para a cultura mossoroense.<\/p>\n\n\n\n<div class=\"wp-block-columns is-layout-flex wp-container-core-columns-is-layout-9d6595d7 wp-block-columns-is-layout-flex\">\n<div class=\"wp-block-column is-layout-flow wp-block-column-is-layout-flow\" style=\"flex-basis:100%\"><div class=\"wp-block-image\">\n<figure class=\"aligncenter size-large is-resized\"><img decoding=\"async\" src=\"https:\/\/marilenepaiva.com\/wp-content\/uploads\/2025\/09\/Imagem-do-WhatsApp-de-2024-04-04-as-08.53.06_7c569f46-1024x241.jpg\" alt=\"\" class=\"wp-image-6108\" style=\"width:510px;height:auto\"\/><\/figure>\n<\/div><\/div>\n<\/div>\n\n\n\n<p class=\"has-large-font-size\"><strong>VIVA O VER\u00c3O 2026<\/strong><\/p>\n\n\n\n<p class=\"has-black-color has-text-color has-link-color has-medium-font-size wp-elements-e8b5a1a8ffdf8e70252c400b3320ffc0\">O colunista M\u00e1rcio Cust\u00f3dio j\u00e1 est\u00e1 em clima de contagem regressiva para o ver\u00e3o! Ele nos envia o Save the Date para sua tradicional festa de veraneio, que promete agitar Tibau Beach. O encontro ser\u00e1 no dia 7 de janeiro de 2026, \u00e0s 19h, na Casa do Litoral. J\u00e1 podemos esperar m\u00fasica boa, gente bonita e muita energia positiva para abrir a temporada mais quente do ano!<\/p>\n\n\n\n<div class=\"wp-block-columns is-layout-flex wp-container-core-columns-is-layout-9d6595d7 wp-block-columns-is-layout-flex\">\n<div class=\"wp-block-column is-layout-flow wp-block-column-is-layout-flow\" style=\"flex-basis:100%\"><div class=\"wp-block-image\">\n<figure class=\"aligncenter size-full is-resized\"><img decoding=\"async\" src=\"https:\/\/marilenepaiva.com\/wp-content\/uploads\/2025\/09\/serraboi.png\" alt=\"\" class=\"wp-image-6110\" style=\"width:202px;height:auto\"\/><\/figure>\n<\/div><\/div>\n<\/div>\n\n\n\n<p class=\"has-large-font-size\"><strong>BAILE DAS ROSAS<\/strong><\/p>\n\n\n\n<p class=\"has-black-color has-text-color has-link-color has-medium-font-size wp-elements-ec995d1b3ca0b86ff211d4b2ab6095a1\">Se o plano \u00e9 esticar o fim de semana na praia dos mossoroenses, j\u00e1 sabe onde vai ser a divers\u00e3o: dia 27, \u00e0s 22h, o Clube \u00c1libi ser\u00e1 palco do Baile das Rosas! E para ningu\u00e9m ficar parado, a Banda Radiola Clube garante o som da noite. Prepare o look, re\u00fana os amigos e v\u00e1 dan\u00e7ar e ser feliz!<\/p>\n\n\n\n<figure class=\"wp-block-gallery has-nested-images columns-default is-cropped wp-block-gallery-1 is-layout-flex wp-block-gallery-is-layout-flex\">\n<figure class=\"wp-block-image size-large\"><img decoding=\"async\" data-id=\"6111\" src=\"https:\/\/marilenepaiva.com\/wp-content\/uploads\/2025\/09\/trattoria.png\" alt=\"\" class=\"wp-image-6111\"\/><\/figure>\n\n\n\n<figure class=\"wp-block-image size-large\"><img decoding=\"async\" data-id=\"6105\" src=\"https:\/\/marilenepaiva.com\/wp-content\/uploads\/2025\/09\/22.png\" alt=\"\" class=\"wp-image-6105\"\/><\/figure>\n\n\n\n<figure class=\"wp-block-image size-large\"><img decoding=\"async\" data-id=\"6106\" src=\"https:\/\/marilenepaiva.com\/wp-content\/uploads\/2025\/09\/Captura-de-tela-2024-02-19-222258.png\" alt=\"\" class=\"wp-image-6106\"\/><\/figure>\n<\/figure>\n\n\n\n<p><\/p>\n\n\n\n<div class=\"wp-block-columns is-layout-flex wp-container-core-columns-is-layout-9d6595d7 wp-block-columns-is-layout-flex\">\n<div class=\"wp-block-column is-layout-flow wp-block-column-is-layout-flow\" style=\"flex-basis:100%\"><div class=\"wp-block-image\">\n<figure class=\"aligncenter size-large\"><img loading=\"lazy\" decoding=\"async\" width=\"821\" height=\"1024\" src=\"https:\/\/marilenepaiva.com\/wp-content\/uploads\/2025\/09\/F1-15-821x1024.jpeg\" alt=\"\" class=\"wp-image-6191\" srcset=\"https:\/\/marilenepaiva.com\/wp-content\/uploads\/2025\/09\/F1-15-821x1024.jpeg 821w, https:\/\/marilenepaiva.com\/wp-content\/uploads\/2025\/09\/F1-15-240x300.jpeg 240w, https:\/\/marilenepaiva.com\/wp-content\/uploads\/2025\/09\/F1-15-768x958.jpeg 768w, https:\/\/marilenepaiva.com\/wp-content\/uploads\/2025\/09\/F1-15.jpeg 1026w\" sizes=\"auto, (max-width: 821px) 100vw, 821px\" \/><\/figure>\n<\/div><\/div>\n<\/div>\n\n\n\n<p class=\"has-black-color has-text-color has-link-color has-medium-font-size wp-elements-c2f5379489c4e83fee747e3fa21e513d\"><em>O m\u00e9dico cardiologista Jo\u00e3o Paulo Medeiros celebra mais uma volta em torno do sol hoje. Feliz anivers\u00e1rio!<\/em><\/p>\n\n\n\n<div class=\"wp-block-columns is-layout-flex wp-container-core-columns-is-layout-9d6595d7 wp-block-columns-is-layout-flex\">\n<div class=\"wp-block-column is-layout-flow wp-block-column-is-layout-flow\" style=\"flex-basis:100%\"><div class=\"wp-block-image\">\n<figure class=\"aligncenter size-large\"><img loading=\"lazy\" decoding=\"async\" width=\"622\" height=\"1024\" src=\"https:\/\/marilenepaiva.com\/wp-content\/uploads\/2025\/09\/F2-15-622x1024.jpeg\" alt=\"\" class=\"wp-image-6192\" srcset=\"https:\/\/marilenepaiva.com\/wp-content\/uploads\/2025\/09\/F2-15-622x1024.jpeg 622w, https:\/\/marilenepaiva.com\/wp-content\/uploads\/2025\/09\/F2-15-182x300.jpeg 182w, https:\/\/marilenepaiva.com\/wp-content\/uploads\/2025\/09\/F2-15-768x1264.jpeg 768w, https:\/\/marilenepaiva.com\/wp-content\/uploads\/2025\/09\/F2-15.jpeg 778w\" sizes=\"auto, (max-width: 622px) 100vw, 622px\" \/><\/figure>\n<\/div><\/div>\n<\/div>\n\n\n\n<p class=\"has-black-color has-text-color has-link-color has-medium-font-size wp-elements-df4bac3acf129f94d7d6b06844f3f263\"><em>Todos os vivas para a apresentadora Lilian Martins que apaga velinhas hoje. Felicidades, sa\u00fade e alegrias!<\/em><\/p>\n\n\n\n<div class=\"wp-block-columns is-layout-flex wp-container-core-columns-is-layout-9d6595d7 wp-block-columns-is-layout-flex\">\n<div class=\"wp-block-column is-layout-flow wp-block-column-is-layout-flow\" style=\"flex-basis:100%\"><div class=\"wp-block-image\">\n<figure class=\"aligncenter size-large\"><img loading=\"lazy\" decoding=\"async\" width=\"798\" height=\"1024\" src=\"https:\/\/marilenepaiva.com\/wp-content\/uploads\/2025\/09\/F3-15-798x1024.jpeg\" alt=\"\" class=\"wp-image-6193\" srcset=\"https:\/\/marilenepaiva.com\/wp-content\/uploads\/2025\/09\/F3-15-798x1024.jpeg 798w, https:\/\/marilenepaiva.com\/wp-content\/uploads\/2025\/09\/F3-15-234x300.jpeg 234w, https:\/\/marilenepaiva.com\/wp-content\/uploads\/2025\/09\/F3-15-768x985.jpeg 768w, https:\/\/marilenepaiva.com\/wp-content\/uploads\/2025\/09\/F3-15.jpeg 998w\" sizes=\"auto, (max-width: 798px) 100vw, 798px\" \/><\/figure>\n<\/div><\/div>\n<\/div>\n\n\n\n<p class=\"has-black-color has-text-color has-link-color has-medium-font-size wp-elements-f0fb6cf7c79759adea4b22b4a5f8dd7c\"><em>Com as queridas amigas empres\u00e1ria Adna Can\u00e1rio e a nutricionista The Best, Jarda Jacinta, na Festa 60 + 60 de Mima Adour e Fl\u00e1vio Vasconcelos.<\/em><\/p>\n\n\n\n<div class=\"wp-block-columns is-layout-flex wp-container-core-columns-is-layout-9d6595d7 wp-block-columns-is-layout-flex\">\n<div class=\"wp-block-column is-layout-flow wp-block-column-is-layout-flow\" style=\"flex-basis:100%\"><div class=\"wp-block-image\">\n<figure class=\"aligncenter size-large\"><img loading=\"lazy\" decoding=\"async\" width=\"634\" height=\"1024\" src=\"https:\/\/marilenepaiva.com\/wp-content\/uploads\/2025\/09\/F4-15-634x1024.jpeg\" alt=\"\" class=\"wp-image-6194\" srcset=\"https:\/\/marilenepaiva.com\/wp-content\/uploads\/2025\/09\/F4-15-634x1024.jpeg 634w, https:\/\/marilenepaiva.com\/wp-content\/uploads\/2025\/09\/F4-15-186x300.jpeg 186w, https:\/\/marilenepaiva.com\/wp-content\/uploads\/2025\/09\/F4-15-768x1240.jpeg 768w, https:\/\/marilenepaiva.com\/wp-content\/uploads\/2025\/09\/F4-15-951x1536.jpeg 951w, https:\/\/marilenepaiva.com\/wp-content\/uploads\/2025\/09\/F4-15.jpeg 991w\" sizes=\"auto, (max-width: 634px) 100vw, 634px\" \/><\/figure>\n<\/div><\/div>\n<\/div>\n\n\n\n<p class=\"has-black-color has-text-color has-link-color has-medium-font-size wp-elements-31c42e82741ab66d200596a1963d6d42\"><em>O acad\u00eamico Wendrel Lima com o Mestre Gabriel Leite, Coordenador do Curso de Direito da UniCat\u00f3lica. No Conced 2025!<\/em><\/p>\n\n\n\n<div class=\"wp-block-columns is-layout-flex wp-container-core-columns-is-layout-9d6595d7 wp-block-columns-is-layout-flex\">\n<div class=\"wp-block-column is-layout-flow wp-block-column-is-layout-flow\" style=\"flex-basis:100%\"><div class=\"wp-block-image\">\n<figure class=\"aligncenter size-large\"><img loading=\"lazy\" decoding=\"async\" width=\"768\" height=\"1024\" src=\"https:\/\/marilenepaiva.com\/wp-content\/uploads\/2025\/09\/F5-15-768x1024.jpeg\" alt=\"\" class=\"wp-image-6195\" srcset=\"https:\/\/marilenepaiva.com\/wp-content\/uploads\/2025\/09\/F5-15-768x1024.jpeg 768w, https:\/\/marilenepaiva.com\/wp-content\/uploads\/2025\/09\/F5-15-225x300.jpeg 225w, https:\/\/marilenepaiva.com\/wp-content\/uploads\/2025\/09\/F5-15-1152x1536.jpeg 1152w, https:\/\/marilenepaiva.com\/wp-content\/uploads\/2025\/09\/F5-15-1536x2048.jpeg 1536w, https:\/\/marilenepaiva.com\/wp-content\/uploads\/2025\/09\/F5-15-scaled.jpeg 1920w\" sizes=\"auto, (max-width: 768px) 100vw, 768px\" \/><\/figure>\n<\/div><\/div>\n<\/div>\n\n\n\n<p class=\"has-black-color has-text-color has-link-color has-medium-font-size wp-elements-f1b437d0dda4236bd1a1f940829611d1\"><em>A Ju\u00edza Keity Saboya entre o casal querido Carla Ramos Macedo e Marcelo Cavali, no lan\u00e7amento do livro &#8220;Ne bis in idem&#8221;, em Bras\u00edlia.<\/em><\/p>\n\n\n\n<p><\/p>\n","protected":false},"excerpt":{"rendered":"<p>ORFEU \u00a0\u201cTodo o conhecimento vem dos ou pelos sentidos; por\u00e9m n\u00e3o sabemos quantos s\u00e3o os sentidos (quantos sentidos h\u00e1). Sentidos chamamos n\u00f3s \u00e0queles dispositivos da mente pelos quais toma conhecimento (recebe uma impress\u00e3o de que qualquer coisa existe, e de que essa coisa apresenta determinado aspecto).\u201d Fernando Pessoa CHAMPANHE NO GELO Apagam velinhas hoje: Soledade [&hellip;]<\/p>\n","protected":false},"author":1,"featured_media":6183,"comment_status":"open","ping_status":"open","sticky":false,"template":"","format":"standard","meta":{"footnotes":""},"categories":[3],"tags":[],"class_list":["post-6190","post","type-post","status-publish","format-standard","has-post-thumbnail","hentry","category-colunas"],"_links":{"self":[{"href":"https:\/\/marilenepaiva.com\/index.php?rest_route=\/wp\/v2\/posts\/6190","targetHints":{"allow":["GET"]}}],"collection":[{"href":"https:\/\/marilenepaiva.com\/index.php?rest_route=\/wp\/v2\/posts"}],"about":[{"href":"https:\/\/marilenepaiva.com\/index.php?rest_route=\/wp\/v2\/types\/post"}],"author":[{"embeddable":true,"href":"https:\/\/marilenepaiva.com\/index.php?rest_route=\/wp\/v2\/users\/1"}],"replies":[{"embeddable":true,"href":"https:\/\/marilenepaiva.com\/index.php?rest_route=%2Fwp%2Fv2%2Fcomments&post=6190"}],"version-history":[{"count":1,"href":"https:\/\/marilenepaiva.com\/index.php?rest_route=\/wp\/v2\/posts\/6190\/revisions"}],"predecessor-version":[{"id":6196,"href":"https:\/\/marilenepaiva.com\/index.php?rest_route=\/wp\/v2\/posts\/6190\/revisions\/6196"}],"wp:featuredmedia":[{"embeddable":true,"href":"https:\/\/marilenepaiva.com\/index.php?rest_route=\/wp\/v2\/media\/6183"}],"wp:attachment":[{"href":"https:\/\/marilenepaiva.com\/index.php?rest_route=%2Fwp%2Fv2%2Fmedia&parent=6190"}],"wp:term":[{"taxonomy":"category","embeddable":true,"href":"https:\/\/marilenepaiva.com\/index.php?rest_route=%2Fwp%2Fv2%2Fcategories&post=6190"},{"taxonomy":"post_tag","embeddable":true,"href":"https:\/\/marilenepaiva.com\/index.php?rest_route=%2Fwp%2Fv2%2Ftags&post=6190"}],"curies":[{"name":"wp","href":"https:\/\/api.w.org\/{rel}","templated":true}]}}