{"id":6197,"date":"2025-09-25T11:33:52","date_gmt":"2025-09-25T11:33:52","guid":{"rendered":"https:\/\/marilenepaiva.com\/?p=6197"},"modified":"2025-09-25T11:33:53","modified_gmt":"2025-09-25T11:33:53","slug":"presenca-news-25-de-setembro-de-2025","status":"publish","type":"post","link":"https:\/\/marilenepaiva.com\/?p=6197","title":{"rendered":"PRESEN\u00c7A NEWS 25 DE SETEMBRO DE 2025"},"content":{"rendered":"\n<blockquote class=\"wp-block-quote is-layout-flow wp-block-quote-is-layout-flow\">\n<p class=\"has-large-font-size\"><strong>ORPHEU<\/strong><\/p>\n\n\n\n<p><strong>Vai alta no c\u00e9u a lua da Primavera<\/strong>&nbsp;<br><strong>Penso em ti e dentro de mim estou completo.<\/strong><\/p>\n\n\n\n<p><strong>Corre pelos vagos campos at\u00e9 mim uma brisa ligeira.<\/strong>&nbsp;<br><strong>Penso em ti, murmuro o teu nome; e n\u00e3o sou eu: sou feliz.<\/strong><\/p>\n\n\n\n<p><strong>Amanh\u00e3 vir\u00e1s, andar\u00e1s comigo a colher flores pelo campo,<\/strong>&nbsp;<br><strong>E eu andarei contigo pelos campos ver-te colher flores.<\/strong>&nbsp;<br><strong>Eu j\u00e1 te vejo amanh\u00e3 a colher flores comigo pelos campos,<\/strong>&nbsp;<br><strong>Pois quando vieres amanh\u00e3 e andares comigo no campo a colher flores,<\/strong>&nbsp;<br><strong>Isso ser\u00e1 uma alegria e uma verdade para mim.<\/strong><\/p>\n\n\n\n<p class=\"has-black-color has-text-color has-link-color has-small-font-size wp-elements-21bc5dba8ae443f8126f9f94fee075ce\">Fernando Pessoa<\/p>\n<\/blockquote>\n\n\n\n<div class=\"wp-block-columns is-layout-flex wp-container-core-columns-is-layout-9d6595d7 wp-block-columns-is-layout-flex\">\n<div class=\"wp-block-column is-layout-flow wp-block-column-is-layout-flow\" style=\"flex-basis:100%\"><div class=\"wp-block-image\">\n<figure class=\"aligncenter size-full is-resized\"><img decoding=\"async\" src=\"https:\/\/marilenepaiva.com\/wp-content\/uploads\/2025\/09\/royalface.jpg\" alt=\"\" class=\"wp-image-6109\" style=\"width:302px;height:auto\"\/><\/figure>\n<\/div><\/div>\n<\/div>\n\n\n\n<p class=\"has-large-font-size\"><strong>CHAMPANHE NO GELO<\/strong><\/p>\n\n\n\n<p>Apagam velinhas: Carlos Naelson, Celyane Dantas, Geovani Brito, Jesly Oliveira, Pablo Luis de S\u00e1, Artur Caetano, Eliza Rebou\u00e7as, Hilma Alves. Parab\u00e9ns!!!<\/p>\n\n\n\n<div class=\"wp-block-columns is-layout-flex wp-container-core-columns-is-layout-9d6595d7 wp-block-columns-is-layout-flex\">\n<div class=\"wp-block-column is-layout-flow wp-block-column-is-layout-flow\" style=\"flex-basis:100%\"><div class=\"wp-block-image\">\n<figure class=\"aligncenter size-large is-resized\"><img decoding=\"async\" src=\"https:\/\/marilenepaiva.com\/wp-content\/uploads\/2025\/09\/Imagem-do-WhatsApp-de-2024-04-04-as-08.53.06_7c569f46-1024x241.jpg\" alt=\"\" class=\"wp-image-6108\" style=\"width:433px;height:auto\"\/><\/figure>\n<\/div><\/div>\n<\/div>\n\n\n\n<p class=\"has-large-font-size\"><strong>FLOW ROOFTOP<\/strong><\/p>\n\n\n\n<p class=\"has-black-color has-text-color has-link-color has-medium-font-size wp-elements-2d0fced79d6539a1fdf5a7248af91c4e\">Amanh\u00e3, dia 26, tem novidade no Oitava Rosado Mall! A partir das 17h, ser\u00e1 inaugurado o Flow Rooftop, um espa\u00e7o charmoso com excelente gastronomia. A tardezinha promete drinks maravilhosos e a boa m\u00fasica de Dayanne Nunes e DJ Hunter. Vamos todos brindar juntos essa nova experi\u00eancia!<\/p>\n\n\n\n<div class=\"wp-block-columns is-layout-flex wp-container-core-columns-is-layout-9d6595d7 wp-block-columns-is-layout-flex\">\n<div class=\"wp-block-column is-layout-flow wp-block-column-is-layout-flow\" style=\"flex-basis:100%\"><div class=\"wp-block-image\">\n<figure class=\"aligncenter size-full is-resized\"><img decoding=\"async\" src=\"https:\/\/marilenepaiva.com\/wp-content\/uploads\/2025\/09\/iate.jpg\" alt=\"\" class=\"wp-image-6107\" style=\"width:386px;height:auto\"\/><\/figure>\n<\/div><\/div>\n<\/div>\n\n\n\n<p class=\"has-large-font-size\"><strong>UNS E OUTROS<\/strong><\/p>\n\n\n\n<p class=\"has-black-color has-text-color has-link-color has-medium-font-size wp-elements-73a01a18e086072d09f7cc478051c4c8\">A arte, muitas vezes, imita a vida. Ponto. E na novela Vale Tudo, D\u00e9bora Bloch est\u00e1 um esc\u00e2ndalo como Odete. Vamos combinar? Tirando as maldades extremas, tem muita mulher por a\u00ed sonhando em ser a vil\u00e3 poderosa do hor\u00e1rio nobre.<\/p>\n\n\n\n<p class=\"has-black-color has-text-color has-link-color has-medium-font-size wp-elements-31b6e7a10597938039615c90142e8278\">E falando em novela da vida real&#8230; Aqui no Pa\u00eds de Mossor\u00f3 temos nossos pr\u00f3prios \u201ctipos\u201d: C\u00e9sar Ribeiro e Olavinho. Puro 5\u00ba A e 5\u00ba B \u2014 bonitinhos, sim, mas ordin\u00e1rios na medida certa para apimentar o enredo.<\/p>\n\n\n\n<p class=\"has-black-color has-text-color has-link-color has-medium-font-size wp-elements-039bbe825f9742f6667348c9302932ed\">Nada como trocar meia d\u00fazia de conversa com Bento Carlos e Lula, direto de Coimbra. Um refresh intelectual que faz bem \u00e0 alma e rende boas risadas.<\/p>\n\n\n\n<p class=\"has-black-color has-text-color has-link-color has-medium-font-size wp-elements-d3e9dca85f6cde74450d0157fd4a91a0\">E para fechar com chave de ouro: \u201cO passado \u00e9 uma roupa que n\u00e3o me cabe mais.\u201d Belchior estava certo. Melhor seguir trocando o figurino e vivendo novas cenas, porque drama repetido cansa at\u00e9 no streaming.<\/p>\n\n\n\n<div class=\"wp-block-columns is-layout-flex wp-container-core-columns-is-layout-9d6595d7 wp-block-columns-is-layout-flex\">\n<div class=\"wp-block-column is-layout-flow wp-block-column-is-layout-flow\" style=\"flex-basis:100%\"><div class=\"wp-block-image\">\n<figure class=\"aligncenter size-full is-resized\"><img decoding=\"async\" src=\"https:\/\/marilenepaiva.com\/wp-content\/uploads\/2025\/09\/trattoria.png\" alt=\"\" class=\"wp-image-6111\" style=\"width:268px;height:auto\"\/><\/figure>\n<\/div><\/div>\n<\/div>\n\n\n\n<p class=\"has-large-font-size\"><strong>CORTEJO DA LIBERDADE<\/strong><\/p>\n\n\n\n<p class=\"has-black-color has-text-color has-link-color has-medium-font-size wp-elements-63f1e7ab38ed3bda1f7180676b2cfd2b\">No dia 30 de setembro, \u00e0s 18h, as ruas centrais de Mossor\u00f3 ser\u00e3o palco do tradicional Cortejo da Liberdade. O desfile, que celebra os ideais libert\u00e1rios da nossa terra, ter\u00e1 dire\u00e7\u00e3o de Hikaroo Mendon\u00e7a e coordena\u00e7\u00e3o geral de Magdyell Menahem, com execu\u00e7\u00e3o e produ\u00e7\u00e3o impec\u00e1vel da Rascunho de Teatro. Um convite para viver a hist\u00f3ria e a cultura mossoroense em movimento!<\/p>\n\n\n\n<div class=\"wp-block-columns is-layout-flex wp-container-core-columns-is-layout-9d6595d7 wp-block-columns-is-layout-flex\">\n<div class=\"wp-block-column is-layout-flow wp-block-column-is-layout-flow\" style=\"flex-basis:100%\"><div class=\"wp-block-image\">\n<figure class=\"aligncenter size-full is-resized\"><img decoding=\"async\" src=\"https:\/\/marilenepaiva.com\/wp-content\/uploads\/2025\/09\/serraboi.png\" alt=\"\" class=\"wp-image-6110\" style=\"width:240px;height:auto\"\/><\/figure>\n<\/div><\/div>\n<\/div>\n\n\n\n<p class=\"has-large-font-size\"><strong>COQUETEL DE ANIVERS\u00c1RIO DA ROYAL FACE MOSSOR\u00d3<\/strong><\/p>\n\n\n\n<p class=\"has-black-color has-text-color has-link-color has-medium-font-size wp-elements-ac9c5362c145ea561dc0f5e9fd7f56be\">A CEO franqueada da Royal Face, D\u00e9bora Fran\u00e7a, nos envia convite especial para brindar o anivers\u00e1rio da queridinha em est\u00e9tica facial de Mossor\u00f3 e regi\u00e3o. O coquetel ser\u00e1 dia 27, a partir das 9h, e promete ser um dia cheio de beleza, sorrisos e boas energias. Vai ser muito bom!<\/p>\n\n\n\n<div class=\"wp-block-columns is-layout-flex wp-container-core-columns-is-layout-9d6595d7 wp-block-columns-is-layout-flex\">\n<div class=\"wp-block-column is-layout-flow wp-block-column-is-layout-flow\" style=\"flex-basis:100%\"><div class=\"wp-block-image\">\n<figure class=\"aligncenter size-full is-resized\"><img decoding=\"async\" src=\"https:\/\/marilenepaiva.com\/wp-content\/uploads\/2025\/09\/22.png\" alt=\"\" class=\"wp-image-6105\" style=\"width:248px;height:auto\"\/><\/figure>\n<\/div><\/div>\n<\/div>\n\n\n\n<p class=\"has-large-font-size\"><strong>ENSINO DE MEDICINA N\u00c3O \u00c9 TERRIT\u00d3RIO LIVRE<\/strong><\/p>\n\n\n\n<p class=\"has-black-color has-text-color has-link-color has-medium-font-size wp-elements-f50360c346081bfc8e9c2a3a338a89df\">N\u00e3o basta autoriza\u00e7\u00e3o do MEC: \u00e9 preciso \u00e9tica, t\u00e9cnica, responsabilidade m\u00e9dica e respeito \u00e0 lei do Ato M\u00e9dico. Ensinar Medicina sem pr\u00e1tica e responsabilidade \u00e9 por vidas em risco. T\u00e1 claro?!<\/p>\n\n\n\n<div class=\"wp-block-columns is-layout-flex wp-container-core-columns-is-layout-9d6595d7 wp-block-columns-is-layout-flex\">\n<div class=\"wp-block-column is-layout-flow wp-block-column-is-layout-flow\" style=\"flex-basis:100%\"><div class=\"wp-block-image\">\n<figure class=\"aligncenter size-full is-resized\"><img decoding=\"async\" src=\"https:\/\/marilenepaiva.com\/wp-content\/uploads\/2025\/09\/Captura-de-tela-2024-02-19-222258.png\" alt=\"\" class=\"wp-image-6106\" style=\"width:242px;height:auto\"\/><\/figure>\n<\/div><\/div>\n<\/div>\n\n\n\n<p><\/p>\n\n\n\n<div class=\"wp-block-columns is-layout-flex wp-container-core-columns-is-layout-9d6595d7 wp-block-columns-is-layout-flex\">\n<div class=\"wp-block-column is-layout-flow wp-block-column-is-layout-flow\" style=\"flex-basis:100%\"><div class=\"wp-block-image\">\n<figure class=\"aligncenter size-full is-resized\"><img loading=\"lazy\" decoding=\"async\" width=\"884\" height=\"974\" src=\"https:\/\/marilenepaiva.com\/wp-content\/uploads\/2025\/09\/F1-1.jpg\" alt=\"\" class=\"wp-image-6198\" style=\"width:634px;height:auto\" srcset=\"https:\/\/marilenepaiva.com\/wp-content\/uploads\/2025\/09\/F1-1.jpg 884w, https:\/\/marilenepaiva.com\/wp-content\/uploads\/2025\/09\/F1-1-272x300.jpg 272w, https:\/\/marilenepaiva.com\/wp-content\/uploads\/2025\/09\/F1-1-768x846.jpg 768w\" sizes=\"auto, (max-width: 884px) 100vw, 884px\" \/><\/figure>\n<\/div><\/div>\n<\/div>\n\n\n\n<p class=\"has-black-color has-text-color has-link-color has-medium-font-size wp-elements-71ea5108b65a8dd6ca68f1100f2f44b8\"><em>A bisa Elizenir Jales e a av\u00f3 Andrea Rosado celebrando os 5 aninhos do pr\u00edncipe Tasso de Mariah Rosado. Parab\u00e9ns meus amores!<\/em><\/p>\n\n\n\n<div class=\"wp-block-columns is-layout-flex wp-container-core-columns-is-layout-9d6595d7 wp-block-columns-is-layout-flex\">\n<div class=\"wp-block-column is-layout-flow wp-block-column-is-layout-flow\" style=\"flex-basis:100%\"><div class=\"wp-block-image\">\n<figure class=\"aligncenter size-full\"><img loading=\"lazy\" decoding=\"async\" width=\"752\" height=\"728\" src=\"https:\/\/marilenepaiva.com\/wp-content\/uploads\/2025\/09\/F2-1.jpg\" alt=\"\" class=\"wp-image-6199\" srcset=\"https:\/\/marilenepaiva.com\/wp-content\/uploads\/2025\/09\/F2-1.jpg 752w, https:\/\/marilenepaiva.com\/wp-content\/uploads\/2025\/09\/F2-1-300x290.jpg 300w\" sizes=\"auto, (max-width: 752px) 100vw, 752px\" \/><\/figure>\n<\/div><\/div>\n<\/div>\n\n\n\n<p class=\"has-black-color has-text-color has-link-color has-medium-font-size wp-elements-8311760411dd4bc31bd68eceaff505fa\"><em>Casal Mima Adour e Fl\u00e1vio Vasconcelos recebendo o abra\u00e7o dos amigos Pereira e Ana Amor. Na festa 60 +60. Parab\u00e9ns!<\/em><\/p>\n\n\n\n<div class=\"wp-block-columns is-layout-flex wp-container-core-columns-is-layout-9d6595d7 wp-block-columns-is-layout-flex\">\n<div class=\"wp-block-column is-layout-flow wp-block-column-is-layout-flow\" style=\"flex-basis:100%\"><div class=\"wp-block-image\">\n<figure class=\"aligncenter size-large\"><img loading=\"lazy\" decoding=\"async\" width=\"702\" height=\"1024\" src=\"https:\/\/marilenepaiva.com\/wp-content\/uploads\/2025\/09\/F3-1-702x1024.jpg\" alt=\"\" class=\"wp-image-6200\" srcset=\"https:\/\/marilenepaiva.com\/wp-content\/uploads\/2025\/09\/F3-1-702x1024.jpg 702w, https:\/\/marilenepaiva.com\/wp-content\/uploads\/2025\/09\/F3-1-206x300.jpg 206w, https:\/\/marilenepaiva.com\/wp-content\/uploads\/2025\/09\/F3-1-768x1121.jpg 768w, https:\/\/marilenepaiva.com\/wp-content\/uploads\/2025\/09\/F3-1.jpg 877w\" sizes=\"auto, (max-width: 702px) 100vw, 702px\" \/><\/figure>\n<\/div><\/div>\n<\/div>\n\n\n\n<p class=\"has-black-color has-text-color has-link-color has-medium-font-size wp-elements-4827f9708b8bbdd7ef48d506c4c2bd78\"><em>A empres\u00e1ria super bem conceituada Sanzia Fernandes ganhando o abra\u00e7o da amiga Danny Cavallari no lan\u00e7amento da nova cole\u00e7\u00e3o Carmen Steffens, no Partage Shopping Mossor\u00f3. Gosto de gostar.<\/em><\/p>\n\n\n\n<div class=\"wp-block-columns is-layout-flex wp-container-core-columns-is-layout-9d6595d7 wp-block-columns-is-layout-flex\">\n<div class=\"wp-block-column is-layout-flow wp-block-column-is-layout-flow\" style=\"flex-basis:100%\"><div class=\"wp-block-image\">\n<figure class=\"aligncenter size-large\"><img loading=\"lazy\" decoding=\"async\" width=\"388\" height=\"833\" src=\"https:\/\/marilenepaiva.com\/wp-content\/uploads\/2025\/09\/F4-1-edited.jpg\" alt=\"\" class=\"wp-image-6202\" srcset=\"https:\/\/marilenepaiva.com\/wp-content\/uploads\/2025\/09\/F4-1-edited.jpg 388w, https:\/\/marilenepaiva.com\/wp-content\/uploads\/2025\/09\/F4-1-edited-140x300.jpg 140w\" sizes=\"auto, (max-width: 388px) 100vw, 388px\" \/><\/figure>\n<\/div><\/div>\n<\/div>\n\n\n\n<p class=\"has-black-color has-text-color has-link-color has-medium-font-size wp-elements-0a8d1f5efcf8c1a156c41f792aff473f\"><em>Do meu cora\u00e7\u00e3o, casal Xavier e Socorro Estrela, m\u00e9dica pediatra das melhores. Chiquissimos!<\/em><\/p>\n\n\n\n<div class=\"wp-block-columns is-layout-flex wp-container-core-columns-is-layout-9d6595d7 wp-block-columns-is-layout-flex\">\n<div class=\"wp-block-column is-layout-flow wp-block-column-is-layout-flow\" style=\"flex-basis:100%\"><div class=\"wp-block-image\">\n<figure class=\"aligncenter size-full\"><img loading=\"lazy\" decoding=\"async\" width=\"811\" height=\"711\" src=\"https:\/\/marilenepaiva.com\/wp-content\/uploads\/2025\/09\/F5-1.jpg\" alt=\"\" class=\"wp-image-6203\" srcset=\"https:\/\/marilenepaiva.com\/wp-content\/uploads\/2025\/09\/F5-1.jpg 811w, https:\/\/marilenepaiva.com\/wp-content\/uploads\/2025\/09\/F5-1-300x263.jpg 300w, https:\/\/marilenepaiva.com\/wp-content\/uploads\/2025\/09\/F5-1-768x673.jpg 768w\" sizes=\"auto, (max-width: 811px) 100vw, 811px\" \/><\/figure>\n<\/div><\/div>\n<\/div>\n\n\n\n<p class=\"has-black-color has-text-color has-link-color has-medium-font-size wp-elements-e560356fe240ae6004f6edc9166a90da\"><em>Casal Dias Filho e Claudinha Vieira na festa de anivers\u00e1rio de Mima Adour e Fl\u00e1vio Vasconcelos, no Restaurante Tch\u00ea Gourmet.<\/em><\/p>\n\n\n\n<p><\/p>\n","protected":false},"excerpt":{"rendered":"<p>ORPHEU Vai alta no c\u00e9u a lua da Primavera&nbsp;Penso em ti e dentro de mim estou completo. Corre pelos vagos campos at\u00e9 mim uma brisa ligeira.&nbsp;Penso em ti, murmuro o teu nome; e n\u00e3o sou eu: sou feliz. Amanh\u00e3 vir\u00e1s, andar\u00e1s comigo a colher flores pelo campo,&nbsp;E eu andarei contigo pelos campos ver-te colher flores.&nbsp;Eu [&hellip;]<\/p>\n","protected":false},"author":1,"featured_media":6183,"comment_status":"open","ping_status":"open","sticky":false,"template":"","format":"standard","meta":{"footnotes":""},"categories":[3],"tags":[],"class_list":["post-6197","post","type-post","status-publish","format-standard","has-post-thumbnail","hentry","category-colunas"],"_links":{"self":[{"href":"https:\/\/marilenepaiva.com\/index.php?rest_route=\/wp\/v2\/posts\/6197","targetHints":{"allow":["GET"]}}],"collection":[{"href":"https:\/\/marilenepaiva.com\/index.php?rest_route=\/wp\/v2\/posts"}],"about":[{"href":"https:\/\/marilenepaiva.com\/index.php?rest_route=\/wp\/v2\/types\/post"}],"author":[{"embeddable":true,"href":"https:\/\/marilenepaiva.com\/index.php?rest_route=\/wp\/v2\/users\/1"}],"replies":[{"embeddable":true,"href":"https:\/\/marilenepaiva.com\/index.php?rest_route=%2Fwp%2Fv2%2Fcomments&post=6197"}],"version-history":[{"count":1,"href":"https:\/\/marilenepaiva.com\/index.php?rest_route=\/wp\/v2\/posts\/6197\/revisions"}],"predecessor-version":[{"id":6204,"href":"https:\/\/marilenepaiva.com\/index.php?rest_route=\/wp\/v2\/posts\/6197\/revisions\/6204"}],"wp:featuredmedia":[{"embeddable":true,"href":"https:\/\/marilenepaiva.com\/index.php?rest_route=\/wp\/v2\/media\/6183"}],"wp:attachment":[{"href":"https:\/\/marilenepaiva.com\/index.php?rest_route=%2Fwp%2Fv2%2Fmedia&parent=6197"}],"wp:term":[{"taxonomy":"category","embeddable":true,"href":"https:\/\/marilenepaiva.com\/index.php?rest_route=%2Fwp%2Fv2%2Fcategories&post=6197"},{"taxonomy":"post_tag","embeddable":true,"href":"https:\/\/marilenepaiva.com\/index.php?rest_route=%2Fwp%2Fv2%2Ftags&post=6197"}],"curies":[{"name":"wp","href":"https:\/\/api.w.org\/{rel}","templated":true}]}}