{"id":6205,"date":"2025-09-25T21:24:44","date_gmt":"2025-09-25T21:24:44","guid":{"rendered":"https:\/\/marilenepaiva.com\/?p=6205"},"modified":"2025-09-25T21:24:45","modified_gmt":"2025-09-25T21:24:45","slug":"presenca-news-26-de-setembro-de-2025","status":"publish","type":"post","link":"https:\/\/marilenepaiva.com\/?p=6205","title":{"rendered":"PRESEN\u00c7A NEWS 26 DE SETEMBRO DE 2025"},"content":{"rendered":"\n<blockquote class=\"wp-block-quote is-layout-flow wp-block-quote-is-layout-flow\">\n<p class=\"has-large-font-size\"><strong>ORFEU<\/strong><\/p>\n\n\n\n<p class=\"has-medium-font-size\"><strong>\u201cO facto de haver um problema n\u00e3o envolve que haja uma solu\u00e7\u00e3o para ele. O facto de haver um mal n\u00e3o quer dizer que ele possa desaparecer. N\u00e3o h\u00e1 solu\u00e7\u00e3o satisfat\u00f3ria para nenhum problema social.\u201d<\/strong><\/p>\n\n\n\n<p class=\"has-black-color has-text-color has-link-color has-small-font-size wp-elements-21bc5dba8ae443f8126f9f94fee075ce\">Fernando Pessoa<\/p>\n<\/blockquote>\n\n\n\n<div class=\"wp-block-columns is-layout-flex wp-container-core-columns-is-layout-9d6595d7 wp-block-columns-is-layout-flex\">\n<div class=\"wp-block-column is-layout-flow wp-block-column-is-layout-flow\" style=\"flex-basis:100%\"><div class=\"wp-block-image\">\n<figure class=\"aligncenter size-large is-resized\"><img decoding=\"async\" src=\"https:\/\/marilenepaiva.com\/wp-content\/uploads\/2025\/09\/Imagem-do-WhatsApp-de-2024-04-04-as-08.53.06_7c569f46-1024x241.jpg\" alt=\"\" class=\"wp-image-6108\" style=\"width:501px;height:auto\"\/><\/figure>\n<\/div><\/div>\n<\/div>\n\n\n\n<p class=\"has-large-font-size\"><strong>CHAMPANHE NO GELO<\/strong><\/p>\n\n\n\n<p class=\"has-black-color has-text-color has-link-color has-medium-font-size wp-elements-296447ed940f2defaa25169087b7055d\">Apagam velinhas hoje: Luzia Alc\u00e2ntara, J\u00falio Thalles, Xavier Ara\u00fajo, Suzana Martins, Glenda Santiago, Evys Regis e \u00c2ngela Cristina. Parab\u00e9ns!<\/p>\n\n\n\n<div class=\"wp-block-columns is-layout-flex wp-container-core-columns-is-layout-9d6595d7 wp-block-columns-is-layout-flex\">\n<div class=\"wp-block-column is-layout-flow wp-block-column-is-layout-flow\" style=\"flex-basis:100%\"><div class=\"wp-block-image\">\n<figure class=\"aligncenter size-full is-resized\"><img decoding=\"async\" src=\"https:\/\/marilenepaiva.com\/wp-content\/uploads\/2025\/09\/iate.jpg\" alt=\"\" class=\"wp-image-6107\" style=\"width:372px;height:auto\"\/><\/figure>\n<\/div><\/div>\n<\/div>\n\n\n\n<p class=\"has-large-font-size\"><strong>SUPERA\u00c7\u00c3O<\/strong><\/p>\n\n\n\n<p class=\"has-black-color has-text-color has-link-color has-medium-font-size wp-elements-c5104ac7c5d592452da4e16eeac6bf90\">Como \u00e9 bom reencontrar amigos! O cora\u00e7\u00e3o se enche de alegria quando escuto: \u201ceu orei\/rezei muito por voc\u00ea\u201d. E poder responder com gratid\u00e3o: \u201cobrigada, foi gra\u00e7as a Deus e \u00e0s ora\u00e7\u00f5es de todos que estou em recupera\u00e7\u00e3o\u201d. Os dias mais dif\u00edceis j\u00e1 come\u00e7am a ficar para tr\u00e1s, e sigo confiante de que a alta logo vir\u00e1. Enquanto isso, celebro cada momento: foi maravilhoso prestigiar a linda festa 60 + 60 de Mima e Fl\u00e1vio e igualmente emocionante marcar presen\u00e7a no Ch\u00e1 Solid\u00e1rio. Muito obrigada a todos pelo carinho e pela for\u00e7a!<\/p>\n\n\n\n<div class=\"wp-block-columns is-layout-flex wp-container-core-columns-is-layout-9d6595d7 wp-block-columns-is-layout-flex\">\n<div class=\"wp-block-column is-layout-flow wp-block-column-is-layout-flow\" style=\"flex-basis:100%\"><div class=\"wp-block-image\">\n<figure class=\"aligncenter size-full is-resized\"><img decoding=\"async\" src=\"https:\/\/marilenepaiva.com\/wp-content\/uploads\/2025\/09\/royalface.jpg\" alt=\"\" class=\"wp-image-6109\" style=\"width:250px;height:auto\"\/><\/figure>\n<\/div><\/div>\n<\/div>\n\n\n\n<p class=\"has-large-font-size\"><strong>UNS E OUTROS<\/strong><\/p>\n\n\n\n<p class=\"has-black-color has-text-color has-link-color has-medium-font-size wp-elements-b5ad5dc0d928c4faebaab4cbf22dd461\">Um verdadeiro sucesso o Ch\u00e1 Solid\u00e1rio promovido pela Rede Feminina de Combate ao C\u00e2ncer. Emo\u00e7\u00e3o, solidariedade e alegria marcaram a tarde.<\/p>\n\n\n\n<p class=\"has-black-color has-text-color has-link-color has-medium-font-size wp-elements-7060a6ab9557ce007d17d842b0a36975\">As meninas volunt\u00e1rias, carinhosamente chamadas de Batgut, deram um show \u00e0 parte. Cantaram, encantaram e tocaram cora\u00e7\u00f5es.<\/p>\n\n\n\n<p class=\"has-black-color has-text-color has-link-color has-medium-font-size wp-elements-4f7055ae34382c65d4daa7b542691073\">E falando em encantar\u2026 Giannini Alencar \u00e9 de tirar o f\u00f4lego. J\u00e1 passou da hora de o talento dele ser reconhecido em todo o Brasil.<\/p>\n\n\n\n<p class=\"has-black-color has-text-color has-link-color has-medium-font-size wp-elements-0ff61abf168973ac02d20b46571b90d8\">As del\u00edcias do ch\u00e1 tiveram a assinatura especial de Socorro Paiva. Tudo preparado com muito carinho e sabor.<\/p>\n\n\n\n<p class=\"has-black-color has-text-color has-link-color has-medium-font-size wp-elements-62ee76dc98edcab168862539e088c632\">Dividimos a mesa com as boas companhias: Andrea Patr\u00edcio, Careca e Lucinha, Nilo Am\u00e2ncio, Gorete e Gabriel, Maria Jos\u00e9 e Juciara. Conversa boa, risadas e afeto.<\/p>\n\n\n\n<p class=\"has-black-color has-text-color has-link-color has-medium-font-size wp-elements-e9688a806f58f61caa0312878629188a\">Mais uma vez, Mossor\u00f3 disse sim \u00e0 solidariedade. \u00c9 bom demais ser do bem! At\u00e9 2026!<\/p>\n\n\n\n<figure class=\"wp-block-gallery has-nested-images columns-2 is-cropped wp-block-gallery-1 is-layout-flex wp-block-gallery-is-layout-flex\">\n<figure class=\"wp-block-image size-large\"><img decoding=\"async\" data-id=\"6110\" src=\"https:\/\/marilenepaiva.com\/wp-content\/uploads\/2025\/09\/serraboi.png\" alt=\"\" class=\"wp-image-6110\"\/><\/figure>\n\n\n\n<figure class=\"wp-block-image size-large\"><img decoding=\"async\" data-id=\"6111\" src=\"https:\/\/marilenepaiva.com\/wp-content\/uploads\/2025\/09\/trattoria.png\" alt=\"\" class=\"wp-image-6111\"\/><\/figure>\n\n\n\n<figure class=\"wp-block-image size-large\"><img decoding=\"async\" data-id=\"6106\" src=\"https:\/\/marilenepaiva.com\/wp-content\/uploads\/2025\/09\/Captura-de-tela-2024-02-19-222258.png\" alt=\"\" class=\"wp-image-6106\"\/><\/figure>\n\n\n\n<figure class=\"wp-block-image size-large\"><img decoding=\"async\" data-id=\"6105\" src=\"https:\/\/marilenepaiva.com\/wp-content\/uploads\/2025\/09\/22.png\" alt=\"\" class=\"wp-image-6105\"\/><\/figure>\n<\/figure>\n\n\n\n<p><\/p>\n\n\n\n<div class=\"wp-block-columns is-layout-flex wp-container-core-columns-is-layout-9d6595d7 wp-block-columns-is-layout-flex\">\n<div class=\"wp-block-column is-layout-flow wp-block-column-is-layout-flow\" style=\"flex-basis:100%\"><div class=\"wp-block-image\">\n<figure class=\"aligncenter size-large\"><img loading=\"lazy\" decoding=\"async\" width=\"1024\" height=\"795\" src=\"https:\/\/marilenepaiva.com\/wp-content\/uploads\/2025\/09\/F1-16-1024x795.jpeg\" alt=\"\" class=\"wp-image-6206\" srcset=\"https:\/\/marilenepaiva.com\/wp-content\/uploads\/2025\/09\/F1-16-1024x795.jpeg 1024w, https:\/\/marilenepaiva.com\/wp-content\/uploads\/2025\/09\/F1-16-300x233.jpeg 300w, https:\/\/marilenepaiva.com\/wp-content\/uploads\/2025\/09\/F1-16-768x596.jpeg 768w, https:\/\/marilenepaiva.com\/wp-content\/uploads\/2025\/09\/F1-16.jpeg 1038w\" sizes=\"auto, (max-width: 1024px) 100vw, 1024px\" \/><\/figure>\n<\/div><\/div>\n<\/div>\n\n\n\n<p class=\"has-black-color has-text-color has-link-color has-medium-font-size wp-elements-93499601eba93fed7bca015376b4ef7b\"><em>Em Santiago, os amados publicit\u00e1rio Andr\u00e9 Dias e o arquiteto Anderson Leite, convidados da Diretoria Criare M\u00f3veis Planejados, ao lado de colegas do universo da Arquitetura.<\/em><\/p>\n\n\n\n<div class=\"wp-block-columns is-layout-flex wp-container-core-columns-is-layout-9d6595d7 wp-block-columns-is-layout-flex\">\n<div class=\"wp-block-column is-layout-flow wp-block-column-is-layout-flow\" style=\"flex-basis:100%\"><div class=\"wp-block-image\">\n<figure class=\"aligncenter size-full\"><img loading=\"lazy\" decoding=\"async\" width=\"755\" height=\"785\" src=\"https:\/\/marilenepaiva.com\/wp-content\/uploads\/2025\/09\/F2-16.jpeg\" alt=\"\" class=\"wp-image-6207\" srcset=\"https:\/\/marilenepaiva.com\/wp-content\/uploads\/2025\/09\/F2-16.jpeg 755w, https:\/\/marilenepaiva.com\/wp-content\/uploads\/2025\/09\/F2-16-289x300.jpeg 289w\" sizes=\"auto, (max-width: 755px) 100vw, 755px\" \/><\/figure>\n<\/div><\/div>\n<\/div>\n\n\n\n<p class=\"has-black-color has-text-color has-link-color has-medium-font-size wp-elements-66c372a4794e52aa97bd88f783b13995\"><em>Duas figuras que inspiram e transformam vidas: o oncologista Dr. Cure, com sua dedica\u00e7\u00e3o incans\u00e1vel \u00e0 medicina, e a querida Margarida Costa, presidente da Rede Feminina de Combate ao C\u00e2ncer de Mossor\u00f3 e regi\u00e3o, que lidera com amor e esperan\u00e7a.\u00a0 Um orgulho celebrar pessoas que fazem a diferen\u00e7a! Foto: Cl\u00e1udio Roberto<\/em><\/p>\n\n\n\n<div class=\"wp-block-columns is-layout-flex wp-container-core-columns-is-layout-9d6595d7 wp-block-columns-is-layout-flex\">\n<div class=\"wp-block-column is-layout-flow wp-block-column-is-layout-flow\" style=\"flex-basis:100%\"><div class=\"wp-block-image\">\n<figure class=\"aligncenter size-full\"><img loading=\"lazy\" decoding=\"async\" width=\"1010\" height=\"869\" src=\"https:\/\/marilenepaiva.com\/wp-content\/uploads\/2025\/09\/F3-16.jpeg\" alt=\"\" class=\"wp-image-6208\" srcset=\"https:\/\/marilenepaiva.com\/wp-content\/uploads\/2025\/09\/F3-16.jpeg 1010w, https:\/\/marilenepaiva.com\/wp-content\/uploads\/2025\/09\/F3-16-300x258.jpeg 300w, https:\/\/marilenepaiva.com\/wp-content\/uploads\/2025\/09\/F3-16-768x661.jpeg 768w\" sizes=\"auto, (max-width: 1010px) 100vw, 1010px\" \/><\/figure>\n<\/div><\/div>\n<\/div>\n\n\n\n<p class=\"has-black-color has-text-color has-link-color has-medium-font-size wp-elements-435f6598e324af8d26fbfeee7229b000\"><em>Prestigiando o 23\u00b0 Ch\u00e1 Solid\u00e1rio, no Requinte Buffet: a m\u00e9dica \u00cdris Menezes com a irm\u00e3 Ilma e as amadas Ione Brasil com a filha Andrea. Superqueridas! FOTO Cl\u00e1udio Roberto<\/em><\/p>\n\n\n\n<div class=\"wp-block-columns is-layout-flex wp-container-core-columns-is-layout-9d6595d7 wp-block-columns-is-layout-flex\">\n<div class=\"wp-block-column is-layout-flow wp-block-column-is-layout-flow\" style=\"flex-basis:100%\"><div class=\"wp-block-image\">\n<figure class=\"aligncenter size-full\"><img loading=\"lazy\" decoding=\"async\" width=\"706\" height=\"616\" src=\"https:\/\/marilenepaiva.com\/wp-content\/uploads\/2025\/09\/F4-16.jpeg\" alt=\"\" class=\"wp-image-6209\" srcset=\"https:\/\/marilenepaiva.com\/wp-content\/uploads\/2025\/09\/F4-16.jpeg 706w, https:\/\/marilenepaiva.com\/wp-content\/uploads\/2025\/09\/F4-16-300x262.jpeg 300w\" sizes=\"auto, (max-width: 706px) 100vw, 706px\" \/><\/figure>\n<\/div><\/div>\n<\/div>\n\n\n\n<p class=\"has-black-color has-text-color has-link-color has-medium-font-size wp-elements-c343455772b98261d6766a8f77bc2000\"><em>Conosco, no 23\u00b0 Ch\u00e1 Solid\u00e1rio, o Conde Nilo Am\u00e2ncio e as amadas Andrea Patr\u00edcio, Maria Jos\u00e9 e Juciara Barbosa. Salve, simpatias!<\/em><\/p>\n\n\n\n<div class=\"wp-block-columns is-layout-flex wp-container-core-columns-is-layout-9d6595d7 wp-block-columns-is-layout-flex\">\n<div class=\"wp-block-column is-layout-flow wp-block-column-is-layout-flow\" style=\"flex-basis:100%\"><div class=\"wp-block-image\">\n<figure class=\"aligncenter size-large\"><img loading=\"lazy\" decoding=\"async\" width=\"767\" height=\"1024\" src=\"https:\/\/marilenepaiva.com\/wp-content\/uploads\/2025\/09\/F5-16-767x1024.jpeg\" alt=\"\" class=\"wp-image-6210\" srcset=\"https:\/\/marilenepaiva.com\/wp-content\/uploads\/2025\/09\/F5-16-767x1024.jpeg 767w, https:\/\/marilenepaiva.com\/wp-content\/uploads\/2025\/09\/F5-16-225x300.jpeg 225w, https:\/\/marilenepaiva.com\/wp-content\/uploads\/2025\/09\/F5-16-768x1025.jpeg 768w, https:\/\/marilenepaiva.com\/wp-content\/uploads\/2025\/09\/F5-16.jpeg 959w\" sizes=\"auto, (max-width: 767px) 100vw, 767px\" \/><\/figure>\n<\/div><\/div>\n<\/div>\n\n\n\n<p class=\"has-black-color has-text-color has-link-color has-medium-font-size wp-elements-72d52cfa87d8d01f372543c6bcf55313\"><em>As chiqu\u00edssimas Lady Zilene Medeiros e Ana Luzia Gurgel, volunt\u00e1rias no Servir da Rede Feminina de Combate ao C\u00e2ncer. Maravilhosas! Foto Cl\u00e1udio Roberto.<\/em><\/p>\n\n\n\n<div class=\"wp-block-columns is-layout-flex wp-container-core-columns-is-layout-9d6595d7 wp-block-columns-is-layout-flex\">\n<div class=\"wp-block-column is-layout-flow wp-block-column-is-layout-flow\" style=\"flex-basis:100%\"><div class=\"wp-block-image\">\n<figure class=\"aligncenter size-full\"><img loading=\"lazy\" decoding=\"async\" width=\"839\" height=\"579\" src=\"https:\/\/marilenepaiva.com\/wp-content\/uploads\/2025\/09\/F6-8.jpeg\" alt=\"\" class=\"wp-image-6211\" srcset=\"https:\/\/marilenepaiva.com\/wp-content\/uploads\/2025\/09\/F6-8.jpeg 839w, https:\/\/marilenepaiva.com\/wp-content\/uploads\/2025\/09\/F6-8-300x207.jpeg 300w, https:\/\/marilenepaiva.com\/wp-content\/uploads\/2025\/09\/F6-8-768x530.jpeg 768w\" sizes=\"auto, (max-width: 839px) 100vw, 839px\" \/><\/figure>\n<\/div><\/div>\n<\/div>\n\n\n\n<p class=\"has-black-color has-text-color has-link-color has-medium-font-size wp-elements-6df5c86af54e199886bd4ce16c39b933\"><em>\u00c1lbum de fam\u00edlia: casal Mima Adour e Fl\u00e1vio Vasconcelos celebrando 60 + 60, com os filhos Flavinho, Gerana, Nayana e Anna. Deus os aben\u00e7oe infinitamente! Foto: Cl\u00e1udio Roberto<\/em><\/p>\n\n\n\n<p><\/p>\n","protected":false},"excerpt":{"rendered":"<p>ORFEU \u201cO facto de haver um problema n\u00e3o envolve que haja uma solu\u00e7\u00e3o para ele. O facto de haver um mal n\u00e3o quer dizer que ele possa desaparecer. N\u00e3o h\u00e1 solu\u00e7\u00e3o satisfat\u00f3ria para nenhum problema social.\u201d Fernando Pessoa CHAMPANHE NO GELO Apagam velinhas hoje: Luzia Alc\u00e2ntara, J\u00falio Thalles, Xavier Ara\u00fajo, Suzana Martins, Glenda Santiago, Evys [&hellip;]<\/p>\n","protected":false},"author":1,"featured_media":6183,"comment_status":"open","ping_status":"open","sticky":false,"template":"","format":"standard","meta":{"footnotes":""},"categories":[3],"tags":[],"class_list":["post-6205","post","type-post","status-publish","format-standard","has-post-thumbnail","hentry","category-colunas"],"_links":{"self":[{"href":"https:\/\/marilenepaiva.com\/index.php?rest_route=\/wp\/v2\/posts\/6205","targetHints":{"allow":["GET"]}}],"collection":[{"href":"https:\/\/marilenepaiva.com\/index.php?rest_route=\/wp\/v2\/posts"}],"about":[{"href":"https:\/\/marilenepaiva.com\/index.php?rest_route=\/wp\/v2\/types\/post"}],"author":[{"embeddable":true,"href":"https:\/\/marilenepaiva.com\/index.php?rest_route=\/wp\/v2\/users\/1"}],"replies":[{"embeddable":true,"href":"https:\/\/marilenepaiva.com\/index.php?rest_route=%2Fwp%2Fv2%2Fcomments&post=6205"}],"version-history":[{"count":1,"href":"https:\/\/marilenepaiva.com\/index.php?rest_route=\/wp\/v2\/posts\/6205\/revisions"}],"predecessor-version":[{"id":6212,"href":"https:\/\/marilenepaiva.com\/index.php?rest_route=\/wp\/v2\/posts\/6205\/revisions\/6212"}],"wp:featuredmedia":[{"embeddable":true,"href":"https:\/\/marilenepaiva.com\/index.php?rest_route=\/wp\/v2\/media\/6183"}],"wp:attachment":[{"href":"https:\/\/marilenepaiva.com\/index.php?rest_route=%2Fwp%2Fv2%2Fmedia&parent=6205"}],"wp:term":[{"taxonomy":"category","embeddable":true,"href":"https:\/\/marilenepaiva.com\/index.php?rest_route=%2Fwp%2Fv2%2Fcategories&post=6205"},{"taxonomy":"post_tag","embeddable":true,"href":"https:\/\/marilenepaiva.com\/index.php?rest_route=%2Fwp%2Fv2%2Ftags&post=6205"}],"curies":[{"name":"wp","href":"https:\/\/api.w.org\/{rel}","templated":true}]}}