{"id":6214,"date":"2025-09-26T18:06:32","date_gmt":"2025-09-26T18:06:32","guid":{"rendered":"https:\/\/marilenepaiva.com\/?p=6214"},"modified":"2025-09-26T18:06:33","modified_gmt":"2025-09-26T18:06:33","slug":"presenca-news-27-de-setembro-de-2025","status":"publish","type":"post","link":"https:\/\/marilenepaiva.com\/?p=6214","title":{"rendered":"PRESEN\u00c7A NEWS 27 DE SETEMBRO DE 2025"},"content":{"rendered":"\n<blockquote class=\"wp-block-quote is-layout-flow wp-block-quote-is-layout-flow\">\n<p class=\"has-large-font-size\"><strong>ORPHEU<\/strong><\/p>\n\n\n\n<p class=\"has-medium-font-size\"><strong>Passou a dilig\u00eancia pela estrada, e foi-se;<br>\u00a0\u00a0\u00a0\u00a0 E a estrada n\u00e3o ficou mais bela, nem sequer mais feia.<br>\u00a0\u00a0\u00a0\u00a0 Assim \u00e9 a a\u00e7\u00e3o humana pelo mundo fora.<br>\u00a0\u00a0\u00a0\u00a0 Nada tiramos e nada pomos; passamos e esquecemos;<br>\u00a0\u00a0\u00a0\u00a0 E o sol \u00e9 sempre pontual todos os dias.<\/strong><\/p>\n\n\n\n<p class=\"has-black-color has-text-color has-link-color wp-elements-e84a6ee3eb03dc5955943fe9475fb19e\">Fernando Pessoa<\/p>\n<\/blockquote>\n\n\n\n<div class=\"wp-block-columns is-layout-flex wp-container-core-columns-is-layout-9d6595d7 wp-block-columns-is-layout-flex\">\n<div class=\"wp-block-column is-layout-flow wp-block-column-is-layout-flow\" style=\"flex-basis:100%\"><div class=\"wp-block-image\">\n<figure class=\"aligncenter size-full is-resized\"><img decoding=\"async\" src=\"https:\/\/marilenepaiva.com\/wp-content\/uploads\/2025\/09\/iate.jpg\" alt=\"\" class=\"wp-image-6107\" style=\"width:453px;height:auto\"\/><\/figure>\n<\/div><\/div>\n<\/div>\n\n\n\n<p class=\"has-large-font-size\"><strong>CHAMPANHE NO GELO<\/strong><\/p>\n\n\n\n<p class=\"has-black-color has-text-color has-link-color has-medium-font-size wp-elements-e887542f87fdcb69d080cfc2895285a4\">Festejam anivers\u00e1rio hoje, 27: Augusto S\u00e9rgio Pinheiro, Ariane Lira, Eduardo Holanda, T\u00e9rcio Pereira, Soraya Prog\u00eanio, Jos\u00e9 Adson, Djane Ramone, Leninha Nolasco, Kel Pinheiro, Eliane Costa e Maristone Branco. Apagam velinhas amanh\u00e3, 28: Romeica Cunha Lima, Lorena Gurgel Vidal, Jos\u00e9 Wilson Almeida J\u00fanior, Caio Targino, Adriano Oliveira, Eduardo Neto e Regina Carvalho. E antecipamos os parab\u00e9ns para os aniversariantes de segunda, 29: Gl\u00f3ria Fernandes Moreira Santos, L\u00edlian Regina Moura, Simone Mendes Menezes, Elias Fernandes, Edy Lima Moura, Orlando Rodrigues, Ricardo Rocha, Girlene de Freitas Nobre, Francimar C\u00e2mara, Xiankarla Pereira, Nerivaldo Batalha, Robison Freitas. Parab\u00e9ns, meus amores!!!<\/p>\n\n\n\n<div class=\"wp-block-columns is-layout-flex wp-container-core-columns-is-layout-9d6595d7 wp-block-columns-is-layout-flex\">\n<div class=\"wp-block-column is-layout-flow wp-block-column-is-layout-flow\" style=\"flex-basis:100%\"><div class=\"wp-block-image\">\n<figure class=\"aligncenter size-large is-resized\"><img decoding=\"async\" src=\"https:\/\/marilenepaiva.com\/wp-content\/uploads\/2025\/09\/Imagem-do-WhatsApp-de-2024-04-04-as-08.53.06_7c569f46-1024x241.jpg\" alt=\"\" class=\"wp-image-6108\" style=\"width:569px;height:auto\"\/><\/figure>\n<\/div><\/div>\n<\/div>\n\n\n\n<p class=\"has-large-font-size\"><strong>4\u00b0 FESTIVAL GASTRON\u00d4MICO DE TIBAU<\/strong><\/p>\n\n\n\n<p class=\"has-black-color has-text-color has-link-color has-medium-font-size wp-elements-c5723f934867c120aa995b4adf4a0aca\">De 10 a 12 de outubro, Tibau ser\u00e1 palco de muita m\u00fasica, cultura e sabores no 4\u00b0 Festival Gastron\u00f4mico e Cultural. A programa\u00e7\u00e3o musical promete agitar a praia com shows de Elba Ramalho, Zezo, Mara Pavanelly, Tremend\u00f5es, Frequ\u00eancia 2, Banda Inala e Forr\u00f3 de Bacana. Al\u00e9m das del\u00edcias regionais, o evento vai reunir arte, artesanato e aquela energia boa que s\u00f3 Tibau tem.<\/p>\n\n\n\n<div class=\"wp-block-columns is-layout-flex wp-container-core-columns-is-layout-9d6595d7 wp-block-columns-is-layout-flex\">\n<div class=\"wp-block-column is-layout-flow wp-block-column-is-layout-flow\" style=\"flex-basis:100%\"><div class=\"wp-block-image\">\n<figure class=\"aligncenter size-full is-resized\"><img decoding=\"async\" src=\"https:\/\/marilenepaiva.com\/wp-content\/uploads\/2025\/09\/royalface.jpg\" alt=\"\" class=\"wp-image-6109\" style=\"width:240px;height:auto\"\/><\/figure>\n<\/div><\/div>\n<\/div>\n\n\n\n<p class=\"has-large-font-size\"><strong>JEGUE FOLIA 2026<\/strong><\/p>\n\n\n\n<p class=\"has-black-color has-text-color has-link-color has-medium-font-size wp-elements-c2eed0feacaa908d1316cd20b25ef76b\">Parab\u00e9ns a Fl\u00e1vio J\u00fanior e toda a equipe da F7 Produ\u00e7\u00f5es, que pilotam com maestria o evento, de 9 a 11 de janeiro, em Marcelino Vieira, reunindo nomes de peso como L\u00e9o Santana, Kadu Martins, Grafith, Rafa &amp; Pipo Marques e MC Bruninho, numa programa\u00e7\u00e3o que promete agitar o ver\u00e3o e fazer hist\u00f3ria no calend\u00e1rio das micaretas do RN.<\/p>\n\n\n\n<div class=\"wp-block-columns is-layout-flex wp-container-core-columns-is-layout-9d6595d7 wp-block-columns-is-layout-flex\">\n<div class=\"wp-block-column is-layout-flow wp-block-column-is-layout-flow\" style=\"flex-basis:100%\"><div class=\"wp-block-image\">\n<figure class=\"aligncenter size-full is-resized\"><img decoding=\"async\" src=\"https:\/\/marilenepaiva.com\/wp-content\/uploads\/2025\/09\/serraboi.png\" alt=\"\" class=\"wp-image-6110\" style=\"width:232px;height:auto\"\/><\/figure>\n<\/div><\/div>\n<\/div>\n\n\n\n<p class=\"has-large-font-size\"><strong>UNS E OUTROS<\/strong><\/p>\n\n\n\n<p class=\"has-black-color has-text-color has-link-color has-medium-font-size wp-elements-074778c048d2c8a495d67b703c166948\">Trocar meia d\u00fazia de conversa com o casal Carlos Careca e Lucinha Figueiredo \u00e9 uma verdadeira d\u00e1diva. Energia boa, risadas certas.<\/p>\n\n\n\n<p class=\"has-black-color has-text-color has-link-color has-medium-font-size wp-elements-40e7e8615517842d59b0a06bcf829e26\">E se Manuela Dias resolvesse n\u00e3o matar Odete Roitman em Vale Tudo? T\u00e1 valendo sonhar com essa virada de roteiro.<\/p>\n\n\n\n<p class=\"has-black-color has-text-color has-link-color has-medium-font-size wp-elements-35b2e09a51c4db37bc7e29f1a95ccdc0\">Algumas fam\u00edlias mossoroenses j\u00e1 garantiram vaga dos filhos na excelente escola de business Link, em S\u00e3o Paulo. Uma decis\u00e3o acertada, claro, para quem tem PIB alto.<\/p>\n\n\n\n<p class=\"has-black-color has-text-color has-link-color has-medium-font-size wp-elements-50e0c392efcd547f87c785971b695196\">A Serra de S\u00e3o Miguel se prepara para sua tradicional Festa do Padroeiro. Dia 29, dia de S\u00e3o Miguel Arcanjo, tem Banda Feras para animar a noite.<\/p>\n\n\n\n<p class=\"has-black-color has-text-color has-link-color has-medium-font-size wp-elements-2948ee32efbf0bea8c1ee22e4af2c4b4\">Hoje \u00e9 dia de delicinhas e drinks para celebrar o anivers\u00e1rio da Royal Face Mossor\u00f3. Obrigada, D\u00e9bora Fran\u00e7a, pela gentileza do convite.<\/p>\n\n\n\n<p class=\"has-black-color has-text-color has-link-color has-medium-font-size wp-elements-9efbc40bd4db4f0b121fb0bd8bc6ce37\">&nbsp;Etiqueta com bom humor: Quando receber um convite, responda. Nem que seja para dizer \u201cn\u00e3o vou poder\u201d. O v\u00e1cuo \u00e9 deselegante \u2014 e s\u00f3 combina com redes sociais, nunca com a vida real.<\/p>\n\n\n\n<figure class=\"wp-block-gallery has-nested-images columns-default is-cropped wp-block-gallery-1 is-layout-flex wp-block-gallery-is-layout-flex\">\n<figure class=\"wp-block-image size-large\"><img decoding=\"async\" data-id=\"6111\" src=\"https:\/\/marilenepaiva.com\/wp-content\/uploads\/2025\/09\/trattoria.png\" alt=\"\" class=\"wp-image-6111\"\/><\/figure>\n\n\n\n<figure class=\"wp-block-image size-large\"><img decoding=\"async\" data-id=\"6110\" src=\"https:\/\/marilenepaiva.com\/wp-content\/uploads\/2025\/09\/serraboi.png\" alt=\"\" class=\"wp-image-6110\"\/><\/figure>\n\n\n\n<figure class=\"wp-block-image size-large\"><img decoding=\"async\" data-id=\"6106\" src=\"https:\/\/marilenepaiva.com\/wp-content\/uploads\/2025\/09\/Captura-de-tela-2024-02-19-222258.png\" alt=\"\" class=\"wp-image-6106\"\/><\/figure>\n<\/figure>\n\n\n\n<p><\/p>\n\n\n\n<div class=\"wp-block-columns is-layout-flex wp-container-core-columns-is-layout-9d6595d7 wp-block-columns-is-layout-flex\">\n<div class=\"wp-block-column is-layout-flow wp-block-column-is-layout-flow\" style=\"flex-basis:100%\"><div class=\"wp-block-image\">\n<figure class=\"aligncenter size-full\"><img loading=\"lazy\" decoding=\"async\" width=\"671\" height=\"1024\" src=\"https:\/\/marilenepaiva.com\/wp-content\/uploads\/2025\/09\/F1-17.jpeg\" alt=\"\" class=\"wp-image-6215\" srcset=\"https:\/\/marilenepaiva.com\/wp-content\/uploads\/2025\/09\/F1-17.jpeg 671w, https:\/\/marilenepaiva.com\/wp-content\/uploads\/2025\/09\/F1-17-197x300.jpeg 197w\" sizes=\"auto, (max-width: 671px) 100vw, 671px\" \/><\/figure>\n<\/div><\/div>\n<\/div>\n\n\n\n<p class=\"has-black-color has-text-color has-link-color has-medium-font-size wp-elements-a959193aa022709ddfb6e1963b4e931b\"><em>Todos os vivas para a m\u00e9dica Romeica Cunha Lima Rosado que apaga velinhas amanh\u00e3 e ganha os mimos do esposo Marcelo Rosado. Parab\u00e9ns!<\/em><\/p>\n\n\n\n<div class=\"wp-block-columns is-layout-flex wp-container-core-columns-is-layout-9d6595d7 wp-block-columns-is-layout-flex\">\n<div class=\"wp-block-column is-layout-flow wp-block-column-is-layout-flow\" style=\"flex-basis:100%\"><div class=\"wp-block-image\">\n<figure class=\"aligncenter size-large\"><img loading=\"lazy\" decoding=\"async\" width=\"820\" height=\"1024\" src=\"https:\/\/marilenepaiva.com\/wp-content\/uploads\/2025\/09\/F2-17-820x1024.jpeg\" alt=\"\" class=\"wp-image-6216\" srcset=\"https:\/\/marilenepaiva.com\/wp-content\/uploads\/2025\/09\/F2-17-820x1024.jpeg 820w, https:\/\/marilenepaiva.com\/wp-content\/uploads\/2025\/09\/F2-17-240x300.jpeg 240w, https:\/\/marilenepaiva.com\/wp-content\/uploads\/2025\/09\/F2-17-768x959.jpeg 768w, https:\/\/marilenepaiva.com\/wp-content\/uploads\/2025\/09\/F2-17.jpeg 1025w\" sizes=\"auto, (max-width: 820px) 100vw, 820px\" \/><\/figure>\n<\/div><\/div>\n<\/div>\n\n\n\n<p class=\"has-black-color has-text-color has-link-color has-medium-font-size wp-elements-53f3a2fa4f8f522b04af864fe6997b82\"><em>O engenheiro civil Augusto S\u00e9rgio Pinheiro N\u00e9o completa mais uma volta em torno do sol hoje. Sessenta bem vividos anos, n\u00e9, primo lindo?! Felicidades!<\/em><\/p>\n\n\n\n<div class=\"wp-block-columns is-layout-flex wp-container-core-columns-is-layout-9d6595d7 wp-block-columns-is-layout-flex\">\n<div class=\"wp-block-column is-layout-flow wp-block-column-is-layout-flow\" style=\"flex-basis:100%\"><div class=\"wp-block-image\">\n<figure class=\"aligncenter size-large\"><img loading=\"lazy\" decoding=\"async\" width=\"1024\" height=\"975\" src=\"https:\/\/marilenepaiva.com\/wp-content\/uploads\/2025\/09\/F3-17-1024x975.jpeg\" alt=\"\" class=\"wp-image-6217\" srcset=\"https:\/\/marilenepaiva.com\/wp-content\/uploads\/2025\/09\/F3-17-1024x975.jpeg 1024w, https:\/\/marilenepaiva.com\/wp-content\/uploads\/2025\/09\/F3-17-300x286.jpeg 300w, https:\/\/marilenepaiva.com\/wp-content\/uploads\/2025\/09\/F3-17-768x732.jpeg 768w, https:\/\/marilenepaiva.com\/wp-content\/uploads\/2025\/09\/F3-17.jpeg 1033w\" sizes=\"auto, (max-width: 1024px) 100vw, 1024px\" \/><\/figure>\n<\/div><\/div>\n<\/div>\n\n\n\n<p class=\"has-black-color has-text-color has-link-color has-medium-font-size wp-elements-e00c5bb997225e148f74dd9b55f3fb24\"><em>Phynas no 23\u00b0 Ch\u00e1 Solid\u00e1rio, Tatiana Cant\u00eddio, Renilsan, Danusia Freitas, Irlanda Carlos, Lurdinha Leite, Socorro Estrela e Margarida. Amigas no Servir ao pr\u00f3ximo.<\/em><\/p>\n\n\n\n<div class=\"wp-block-columns is-layout-flex wp-container-core-columns-is-layout-9d6595d7 wp-block-columns-is-layout-flex\">\n<div class=\"wp-block-column is-layout-flow wp-block-column-is-layout-flow\" style=\"flex-basis:100%\"><div class=\"wp-block-image\">\n<figure class=\"aligncenter size-full\"><img loading=\"lazy\" decoding=\"async\" width=\"651\" height=\"776\" src=\"https:\/\/marilenepaiva.com\/wp-content\/uploads\/2025\/09\/F4-17.jpeg\" alt=\"\" class=\"wp-image-6218\" srcset=\"https:\/\/marilenepaiva.com\/wp-content\/uploads\/2025\/09\/F4-17.jpeg 651w, https:\/\/marilenepaiva.com\/wp-content\/uploads\/2025\/09\/F4-17-252x300.jpeg 252w\" sizes=\"auto, (max-width: 651px) 100vw, 651px\" \/><\/figure>\n<\/div><\/div>\n<\/div>\n\n\n\n<p class=\"has-black-color has-text-color has-link-color has-medium-font-size wp-elements-6f52a4dd570e8b54a11dabb7b080cd98\"><em>Padre Charles Lamartine, Magn\u00edfico Reitor da UniCat\u00f3lica do Rio Grande do Norte e Diretor do Col\u00e9gio Diocesano Santa Luzia com os CEOs da Columbia Internacional College, Joseph Knap e Clement Chan, em Toronto, Canad\u00e1.<\/em><\/p>\n\n\n\n<div class=\"wp-block-columns is-layout-flex wp-container-core-columns-is-layout-9d6595d7 wp-block-columns-is-layout-flex\">\n<div class=\"wp-block-column is-layout-flow wp-block-column-is-layout-flow\" style=\"flex-basis:100%\"><div class=\"wp-block-image\">\n<figure class=\"aligncenter size-large\"><img loading=\"lazy\" decoding=\"async\" width=\"755\" height=\"1024\" src=\"https:\/\/marilenepaiva.com\/wp-content\/uploads\/2025\/09\/F5-17-755x1024.jpeg\" alt=\"\" class=\"wp-image-6219\" srcset=\"https:\/\/marilenepaiva.com\/wp-content\/uploads\/2025\/09\/F5-17-755x1024.jpeg 755w, https:\/\/marilenepaiva.com\/wp-content\/uploads\/2025\/09\/F5-17-221x300.jpeg 221w, https:\/\/marilenepaiva.com\/wp-content\/uploads\/2025\/09\/F5-17-768x1041.jpeg 768w, https:\/\/marilenepaiva.com\/wp-content\/uploads\/2025\/09\/F5-17.jpeg 944w\" sizes=\"auto, (max-width: 755px) 100vw, 755px\" \/><\/figure>\n<\/div><\/div>\n<\/div>\n\n\n\n<p class=\"has-black-color has-text-color has-link-color has-medium-font-size wp-elements-5a9990101f0b6c75a9413eb008628978\"><em>A m\u00e9dica Luana Santos com o esposo Jo\u00e3o Almeida, em Buenos Aires. Os pais de Jo\u00e3o, felizes e apaixonados. Salve, salve!<\/em><\/p>\n\n\n\n<div class=\"wp-block-columns is-layout-flex wp-container-core-columns-is-layout-9d6595d7 wp-block-columns-is-layout-flex\">\n<div class=\"wp-block-column is-layout-flow wp-block-column-is-layout-flow\" style=\"flex-basis:100%\"><div class=\"wp-block-image\">\n<figure class=\"aligncenter size-large\"><img loading=\"lazy\" decoding=\"async\" width=\"658\" height=\"1024\" src=\"https:\/\/marilenepaiva.com\/wp-content\/uploads\/2025\/09\/F6-9-658x1024.jpeg\" alt=\"\" class=\"wp-image-6220\" srcset=\"https:\/\/marilenepaiva.com\/wp-content\/uploads\/2025\/09\/F6-9-658x1024.jpeg 658w, https:\/\/marilenepaiva.com\/wp-content\/uploads\/2025\/09\/F6-9-193x300.jpeg 193w, https:\/\/marilenepaiva.com\/wp-content\/uploads\/2025\/09\/F6-9-768x1196.jpeg 768w, https:\/\/marilenepaiva.com\/wp-content\/uploads\/2025\/09\/F6-9.jpeg 822w\" sizes=\"auto, (max-width: 658px) 100vw, 658px\" \/><\/figure>\n<\/div><\/div>\n<\/div>\n\n\n\n<p class=\"has-black-color has-text-color has-link-color has-medium-font-size wp-elements-21a08ff4b69a98615ce5113091d9a533\"><em>Com muito carinho, o advogado Andr\u00e9 Lu\u00eds foi abra\u00e7ar sua av\u00f3 Dona J\u00falia, que celebrou nada menos que 101 anos de vida. Parab\u00e9ns pela linda hist\u00f3ria e pelo exemplo de longevidade!<\/em><\/p>\n\n\n\n<p><\/p>\n","protected":false},"excerpt":{"rendered":"<p>ORPHEU Passou a dilig\u00eancia pela estrada, e foi-se;\u00a0\u00a0\u00a0\u00a0 E a estrada n\u00e3o ficou mais bela, nem sequer mais feia.\u00a0\u00a0\u00a0\u00a0 Assim \u00e9 a a\u00e7\u00e3o humana pelo mundo fora.\u00a0\u00a0\u00a0\u00a0 Nada tiramos e nada pomos; passamos e esquecemos;\u00a0\u00a0\u00a0\u00a0 E o sol \u00e9 sempre pontual todos os dias. Fernando Pessoa CHAMPANHE NO GELO Festejam anivers\u00e1rio hoje, 27: Augusto S\u00e9rgio [&hellip;]<\/p>\n","protected":false},"author":1,"featured_media":6183,"comment_status":"open","ping_status":"open","sticky":false,"template":"","format":"standard","meta":{"footnotes":""},"categories":[3],"tags":[],"class_list":["post-6214","post","type-post","status-publish","format-standard","has-post-thumbnail","hentry","category-colunas"],"_links":{"self":[{"href":"https:\/\/marilenepaiva.com\/index.php?rest_route=\/wp\/v2\/posts\/6214","targetHints":{"allow":["GET"]}}],"collection":[{"href":"https:\/\/marilenepaiva.com\/index.php?rest_route=\/wp\/v2\/posts"}],"about":[{"href":"https:\/\/marilenepaiva.com\/index.php?rest_route=\/wp\/v2\/types\/post"}],"author":[{"embeddable":true,"href":"https:\/\/marilenepaiva.com\/index.php?rest_route=\/wp\/v2\/users\/1"}],"replies":[{"embeddable":true,"href":"https:\/\/marilenepaiva.com\/index.php?rest_route=%2Fwp%2Fv2%2Fcomments&post=6214"}],"version-history":[{"count":1,"href":"https:\/\/marilenepaiva.com\/index.php?rest_route=\/wp\/v2\/posts\/6214\/revisions"}],"predecessor-version":[{"id":6221,"href":"https:\/\/marilenepaiva.com\/index.php?rest_route=\/wp\/v2\/posts\/6214\/revisions\/6221"}],"wp:featuredmedia":[{"embeddable":true,"href":"https:\/\/marilenepaiva.com\/index.php?rest_route=\/wp\/v2\/media\/6183"}],"wp:attachment":[{"href":"https:\/\/marilenepaiva.com\/index.php?rest_route=%2Fwp%2Fv2%2Fmedia&parent=6214"}],"wp:term":[{"taxonomy":"category","embeddable":true,"href":"https:\/\/marilenepaiva.com\/index.php?rest_route=%2Fwp%2Fv2%2Fcategories&post=6214"},{"taxonomy":"post_tag","embeddable":true,"href":"https:\/\/marilenepaiva.com\/index.php?rest_route=%2Fwp%2Fv2%2Ftags&post=6214"}],"curies":[{"name":"wp","href":"https:\/\/api.w.org\/{rel}","templated":true}]}}