{"id":6222,"date":"2025-09-29T17:44:01","date_gmt":"2025-09-29T17:44:01","guid":{"rendered":"https:\/\/marilenepaiva.com\/?p=6222"},"modified":"2025-09-29T17:44:01","modified_gmt":"2025-09-29T17:44:01","slug":"presenca-news-30-de-setembro-de-2025","status":"publish","type":"post","link":"https:\/\/marilenepaiva.com\/?p=6222","title":{"rendered":"PRESEN\u00c7A NEWS 30 DE SETEMBRO DE 2025"},"content":{"rendered":"\n<blockquote class=\"wp-block-quote is-layout-flow wp-block-quote-is-layout-flow\">\n<p class=\"has-large-font-size\"><strong>ORFEU<\/strong><\/p>\n\n\n\n<p class=\"has-medium-font-size\"><strong>\u201cV\u00ea-se livre o rei dos seus dom\u00ednios, que n\u00e3o queria deixar. As que espalharam amor veem-se livres dos triunfos que adoram. Os que venceram veem-se livres das vit\u00f3rias para que a sua vida se fadou.\u201d<\/strong><\/p>\n<\/blockquote>\n\n\n\n<div class=\"wp-block-columns is-layout-flex wp-container-core-columns-is-layout-9d6595d7 wp-block-columns-is-layout-flex\">\n<div class=\"wp-block-column is-layout-flow wp-block-column-is-layout-flow\" style=\"flex-basis:100%\"><div class=\"wp-block-image\">\n<figure class=\"aligncenter size-large is-resized\"><img decoding=\"async\" src=\"https:\/\/marilenepaiva.com\/wp-content\/uploads\/2025\/09\/Imagem-do-WhatsApp-de-2024-04-04-as-08.53.06_7c569f46-1024x241.jpg\" alt=\"\" class=\"wp-image-6108\" style=\"width:493px;height:auto\"\/><\/figure>\n<\/div><\/div>\n<\/div>\n\n\n\n<p class=\"has-large-font-size\"><strong>CHAMPANHE NO GELO<\/strong><\/p>\n\n\n\n<p class=\"has-black-color has-text-color has-link-color has-medium-font-size wp-elements-6f6e1243f7ba350357d7c9c3c52445cc\">Apagam velinhas hoje: Williams Vicente, Edvaldo Ferreira Santos, Lourdes Firmino, Hilem Oliveira, Iung de Brito Chaves, Emanuel Vito, Maria L\u00facia de Castro, Ma\u00edra Rodrigues Fernandes, Maria de Lourdes de Paula Frota, Delcileide Bezerra, Maria Galdino de Souza, Ant\u00f4nio Augusto Rodrigues e Jair Medeiros. E abrindo outubro, os parab\u00e9ns aos aniversariantes: Gl\u00f3ria Fernandes Moreira Santos, L\u00edlian Regina Moura, Simone Mendes Menezes, Elias Fernandes, Edy Lima Moura, Orlando Rodrigues, Ricardo Rocha, Girlene de Freitas Nobre, Francimar C\u00e2mara, Xiankarla Pereira, Nerivaldo Batalha, Robison Freitas. Parab\u00e9ns!!!<\/p>\n\n\n\n<div class=\"wp-block-columns is-layout-flex wp-container-core-columns-is-layout-9d6595d7 wp-block-columns-is-layout-flex\">\n<div class=\"wp-block-column is-layout-flow wp-block-column-is-layout-flow\" style=\"flex-basis:100%\"><div class=\"wp-block-image\">\n<figure class=\"aligncenter size-full is-resized\"><img decoding=\"async\" src=\"https:\/\/marilenepaiva.com\/wp-content\/uploads\/2025\/09\/royalface.jpg\" alt=\"\" class=\"wp-image-6109\" style=\"width:258px;height:auto\"\/><\/figure>\n<\/div><\/div>\n<\/div>\n\n\n\n<p class=\"has-large-font-size\"><strong>ANIVERS\u00c1RIO DE PAINHO<\/strong><\/p>\n\n\n\n<p class=\"has-black-color has-text-color has-link-color has-medium-font-size wp-elements-5cc90b182ca950ef9a519f87a5533f74\">Hoje o cora\u00e7\u00e3o da nossa fam\u00edlia transborda de emo\u00e7\u00e3o. 30 de setembro sempre foi data de festa, porque painho, M\u00e1rio Pinheiro, o poeta, amava celebrar a vida. Ele gostava de vir a Mossor\u00f3 para comemorar ao lado dos irm\u00e3os queridos \u2014 Maria Luiza, Marcos, Marcelo e Edgar. Se estivesse entre n\u00f3s, completaria hoje 87 anos. A saudade se mistura com a gratid\u00e3o por t\u00ea-lo como pai fant\u00e1stico, meu, de M\u00e1rio J\u00fanior, Andr\u00e9 e Luciana. E como esquecer o marido apaixonado que foi de mainha, Alene? No c\u00e9u, com certeza, a poesia ecoa em cantoria e recital, do jeitinho que ele gostava. Aqui na terra, guardamos viva a sua alegria e o dom de transformar a vida em versos.<\/p>\n\n\n\n<div class=\"wp-block-columns is-layout-flex wp-container-core-columns-is-layout-9d6595d7 wp-block-columns-is-layout-flex\">\n<div class=\"wp-block-column is-layout-flow wp-block-column-is-layout-flow\" style=\"flex-basis:100%\"><div class=\"wp-block-image\">\n<figure class=\"aligncenter size-full is-resized\"><img decoding=\"async\" src=\"https:\/\/marilenepaiva.com\/wp-content\/uploads\/2025\/09\/iate.jpg\" alt=\"\" class=\"wp-image-6107\" style=\"width:444px;height:auto\"\/><\/figure>\n<\/div><\/div>\n<\/div>\n\n\n\n<p class=\"has-large-font-size\"><strong>DE N\u00daMEROS<\/strong><\/p>\n\n\n\n<p class=\"has-black-color has-text-color has-link-color has-medium-font-size wp-elements-c740e59a71994c9b930a78483480a3cd\">De um lado, o Flamengo esbanja for\u00e7a: l\u00edder absoluto do Campeonato Brasileiro de 2025, soma 51 pontos em 23 jogos, com uma campanha de respeito \u2013 15 vit\u00f3rias, 6 empates e apenas 2 derrotas. Entre os feitos recentes, a cena inesquec\u00edvel do goleiro Rossi, que defendeu um p\u00eanalti sentado, ap\u00f3s uma ousada \u201ccavadinha\u201d do Corinthians. Do outro lado da tabela, meu cora\u00e7\u00e3o rubro-negro pernambucano sofre: o Sport Club do Recife amarga o rebaixamento. Mas a paix\u00e3o fala mais alto: sou pernambucana e grito sem medo \u2014 Pelo Sport tudo! Cas\u00e1, cas\u00e1\u2026 \u2764\ufe0f\ud83d\udda4<\/p>\n\n\n\n<div class=\"wp-block-columns is-layout-flex wp-container-core-columns-is-layout-9d6595d7 wp-block-columns-is-layout-flex\">\n<div class=\"wp-block-column is-layout-flow wp-block-column-is-layout-flow\" style=\"flex-basis:100%\"><div class=\"wp-block-image\">\n<figure class=\"aligncenter size-full is-resized\"><img decoding=\"async\" src=\"https:\/\/marilenepaiva.com\/wp-content\/uploads\/2025\/09\/trattoria.png\" alt=\"\" class=\"wp-image-6111\" style=\"width:198px;height:auto\"\/><\/figure>\n<\/div><\/div>\n<\/div>\n\n\n\n<p class=\"has-large-font-size\"><strong>UERN, 57 ANOS<\/strong><\/p>\n\n\n\n<p class=\"has-black-color has-text-color has-link-color has-medium-font-size wp-elements-e89e416b2c2275a015095bf74ed9a3ab\">Aplausos para a nossa querida Universidade do Estado do Rio Grande do Norte \u2013 UERN, que celebra 57 anos de hist\u00f3ria formando gera\u00e7\u00f5es e transformando vidas. Parab\u00e9ns \u00e0 Magn\u00edfica Reitora Cic\u00edlia Maia, recentemente empossada pela governadora F\u00e1tima Bezerra em seu segundo mandato, conduzindo com firmeza e sensibilidade essa institui\u00e7\u00e3o que \u00e9 orgulho do povo potiguar.<\/p>\n\n\n\n<figure class=\"wp-block-gallery has-nested-images columns-default is-cropped wp-block-gallery-1 is-layout-flex wp-block-gallery-is-layout-flex\">\n<figure class=\"wp-block-image size-large\"><img decoding=\"async\" data-id=\"6110\" src=\"https:\/\/marilenepaiva.com\/wp-content\/uploads\/2025\/09\/serraboi.png\" alt=\"\" class=\"wp-image-6110\"\/><\/figure>\n\n\n\n<figure class=\"wp-block-image size-large\"><img decoding=\"async\" data-id=\"6106\" src=\"https:\/\/marilenepaiva.com\/wp-content\/uploads\/2025\/09\/Captura-de-tela-2024-02-19-222258.png\" alt=\"\" class=\"wp-image-6106\"\/><\/figure>\n\n\n\n<figure class=\"wp-block-image size-large\"><img decoding=\"async\" data-id=\"6105\" src=\"https:\/\/marilenepaiva.com\/wp-content\/uploads\/2025\/09\/22.png\" alt=\"\" class=\"wp-image-6105\"\/><\/figure>\n<\/figure>\n\n\n\n<p><\/p>\n\n\n\n<div class=\"wp-block-columns is-layout-flex wp-container-core-columns-is-layout-9d6595d7 wp-block-columns-is-layout-flex\">\n<div class=\"wp-block-column is-layout-flow wp-block-column-is-layout-flow\" style=\"flex-basis:100%\"><div class=\"wp-block-image\">\n<figure class=\"aligncenter size-full\"><img loading=\"lazy\" decoding=\"async\" width=\"938\" height=\"792\" src=\"https:\/\/marilenepaiva.com\/wp-content\/uploads\/2025\/09\/F1-18.jpeg\" alt=\"\" class=\"wp-image-6223\" srcset=\"https:\/\/marilenepaiva.com\/wp-content\/uploads\/2025\/09\/F1-18.jpeg 938w, https:\/\/marilenepaiva.com\/wp-content\/uploads\/2025\/09\/F1-18-300x253.jpeg 300w, https:\/\/marilenepaiva.com\/wp-content\/uploads\/2025\/09\/F1-18-768x648.jpeg 768w\" sizes=\"auto, (max-width: 938px) 100vw, 938px\" \/><\/figure>\n<\/div><\/div>\n<\/div>\n\n\n\n<p class=\"has-black-color has-text-color has-link-color has-medium-font-size wp-elements-c00b83e1ac11cf131348152272e3898f\"><em>Todos os vivas para o jornalista Williams Vicente que apaga velinhas hoje. Ganha o abra\u00e7o da Magn\u00edfica Reitora da UERN Cic\u00edlia Maia e do vice-reitor Francisco Dantas, rec\u00e9m-empossados para o segundo mandato. Parab\u00e9ns, meus amores!<\/em><\/p>\n\n\n\n<div class=\"wp-block-columns is-layout-flex wp-container-core-columns-is-layout-9d6595d7 wp-block-columns-is-layout-flex\">\n<div class=\"wp-block-column is-layout-flow wp-block-column-is-layout-flow\" style=\"flex-basis:100%\"><div class=\"wp-block-image\">\n<figure class=\"aligncenter size-full\"><img loading=\"lazy\" decoding=\"async\" width=\"1009\" height=\"1023\" src=\"https:\/\/marilenepaiva.com\/wp-content\/uploads\/2025\/09\/F2-18.jpeg\" alt=\"\" class=\"wp-image-6224\" srcset=\"https:\/\/marilenepaiva.com\/wp-content\/uploads\/2025\/09\/F2-18.jpeg 1009w, https:\/\/marilenepaiva.com\/wp-content\/uploads\/2025\/09\/F2-18-296x300.jpeg 296w, https:\/\/marilenepaiva.com\/wp-content\/uploads\/2025\/09\/F2-18-768x779.jpeg 768w\" sizes=\"auto, (max-width: 1009px) 100vw, 1009px\" \/><\/figure>\n<\/div><\/div>\n<\/div>\n\n\n\n<p class=\"has-black-color has-text-color has-link-color has-medium-font-size wp-elements-7702d3fe8d2b63d10f4a0bcea1ec1a7d\"><em>Fam\u00edlia do meu profundo benquerer, o professor aposentado Ufersa, Edvaldo Santos celebra idade nova hoje, dia 30, e sua esposa chiqu\u00edssima Glorinha Santos, amanh\u00e3, dia 1\u00ba de outubro. No clique, recebendo o amor do filho Ot\u00e1vio Domingos e da nora Aguyda Yane. Sa\u00fade, paz e alegrias!<\/em><\/p>\n\n\n\n<div class=\"wp-block-columns is-layout-flex wp-container-core-columns-is-layout-9d6595d7 wp-block-columns-is-layout-flex\">\n<div class=\"wp-block-column is-layout-flow wp-block-column-is-layout-flow\" style=\"flex-basis:100%\"><div class=\"wp-block-image\">\n<figure class=\"aligncenter size-large\"><img loading=\"lazy\" decoding=\"async\" width=\"734\" height=\"1024\" src=\"https:\/\/marilenepaiva.com\/wp-content\/uploads\/2025\/09\/F3-18-734x1024.jpeg\" alt=\"\" class=\"wp-image-6225\" srcset=\"https:\/\/marilenepaiva.com\/wp-content\/uploads\/2025\/09\/F3-18-734x1024.jpeg 734w, https:\/\/marilenepaiva.com\/wp-content\/uploads\/2025\/09\/F3-18-215x300.jpeg 215w, https:\/\/marilenepaiva.com\/wp-content\/uploads\/2025\/09\/F3-18-768x1071.jpeg 768w, https:\/\/marilenepaiva.com\/wp-content\/uploads\/2025\/09\/F3-18.jpeg 918w\" sizes=\"auto, (max-width: 734px) 100vw, 734px\" \/><\/figure>\n<\/div><\/div>\n<\/div>\n\n\n\n<p class=\"has-black-color has-text-color has-link-color has-medium-font-size wp-elements-8feffc38d7469461aeaca8f871437117\"><em>A toda charmosa advogada Hilem Oliveira festeja mais uma volta em torno do sol e recebe o afeto da mamis Marieta Cosme, que recentemente recebeu a Medalha Aboli\u00e7\u00e3o pela UERN, em homenagem ao seu marido professor Maur\u00edcio Oliveira, In Memoriam. Parab\u00e9ns!!!<\/em><\/p>\n\n\n\n<div class=\"wp-block-columns is-layout-flex wp-container-core-columns-is-layout-9d6595d7 wp-block-columns-is-layout-flex\">\n<div class=\"wp-block-column is-layout-flow wp-block-column-is-layout-flow\" style=\"flex-basis:100%\"><div class=\"wp-block-image\">\n<figure class=\"aligncenter size-large\"><img loading=\"lazy\" decoding=\"async\" width=\"651\" height=\"1024\" src=\"https:\/\/marilenepaiva.com\/wp-content\/uploads\/2025\/09\/F4-18-651x1024.jpeg\" alt=\"\" class=\"wp-image-6226\" srcset=\"https:\/\/marilenepaiva.com\/wp-content\/uploads\/2025\/09\/F4-18-651x1024.jpeg 651w, https:\/\/marilenepaiva.com\/wp-content\/uploads\/2025\/09\/F4-18-191x300.jpeg 191w, https:\/\/marilenepaiva.com\/wp-content\/uploads\/2025\/09\/F4-18-768x1208.jpeg 768w, https:\/\/marilenepaiva.com\/wp-content\/uploads\/2025\/09\/F4-18.jpeg 814w\" sizes=\"auto, (max-width: 651px) 100vw, 651px\" \/><\/figure>\n<\/div><\/div>\n<\/div>\n\n\n\n<p class=\"has-black-color has-text-color has-link-color has-medium-font-size wp-elements-0ba3345f6f1eba88b86be2c9668ea5b1\"><em>Abrindo outubro, a bel\u00edssima L\u00edlian Moura celebra idade nova amanh\u00e3, dia 1\u00ba, com todos os mimos do amado Eduardo Cavalcanti. Tudo de melhor. Sa\u00fade paz e realiza\u00e7\u00f5es.<\/em><\/p>\n\n\n\n<div class=\"wp-block-columns is-layout-flex wp-container-core-columns-is-layout-9d6595d7 wp-block-columns-is-layout-flex\">\n<div class=\"wp-block-column is-layout-flow wp-block-column-is-layout-flow\" style=\"flex-basis:100%\"><div class=\"wp-block-image\">\n<figure class=\"aligncenter size-large\"><img loading=\"lazy\" decoding=\"async\" width=\"795\" height=\"1024\" src=\"https:\/\/marilenepaiva.com\/wp-content\/uploads\/2025\/09\/F5-18-795x1024.jpeg\" alt=\"\" class=\"wp-image-6227\" srcset=\"https:\/\/marilenepaiva.com\/wp-content\/uploads\/2025\/09\/F5-18-795x1024.jpeg 795w, https:\/\/marilenepaiva.com\/wp-content\/uploads\/2025\/09\/F5-18-233x300.jpeg 233w, https:\/\/marilenepaiva.com\/wp-content\/uploads\/2025\/09\/F5-18-768x989.jpeg 768w, https:\/\/marilenepaiva.com\/wp-content\/uploads\/2025\/09\/F5-18.jpeg 913w\" sizes=\"auto, (max-width: 795px) 100vw, 795px\" \/><\/figure>\n<\/div><\/div>\n<\/div>\n\n\n\n<p class=\"has-black-color has-text-color has-link-color has-medium-font-size wp-elements-c4593b7b90201cec974e815ce097c62b\"><em>A querida professora Lourdes Firmino \u00e9 a aniversariante muito festejada deste 30 de setembro. O esposo Toinho, filhos, netos, noras e genros preparam sess\u00e3o bolo confeitado. Parab\u00e9ns, Lourdes!<\/em><\/p>\n\n\n\n<div class=\"wp-block-columns is-layout-flex wp-container-core-columns-is-layout-9d6595d7 wp-block-columns-is-layout-flex\">\n<div class=\"wp-block-column is-layout-flow wp-block-column-is-layout-flow\" style=\"flex-basis:100%\"><div class=\"wp-block-image\">\n<figure class=\"aligncenter size-large\"><img loading=\"lazy\" decoding=\"async\" width=\"802\" height=\"1024\" src=\"https:\/\/marilenepaiva.com\/wp-content\/uploads\/2025\/09\/F6-10-802x1024.jpeg\" alt=\"\" class=\"wp-image-6228\" srcset=\"https:\/\/marilenepaiva.com\/wp-content\/uploads\/2025\/09\/F6-10-802x1024.jpeg 802w, https:\/\/marilenepaiva.com\/wp-content\/uploads\/2025\/09\/F6-10-235x300.jpeg 235w, https:\/\/marilenepaiva.com\/wp-content\/uploads\/2025\/09\/F6-10-768x981.jpeg 768w, https:\/\/marilenepaiva.com\/wp-content\/uploads\/2025\/09\/F6-10.jpeg 1002w\" sizes=\"auto, (max-width: 802px) 100vw, 802px\" \/><\/figure>\n<\/div><\/div>\n<\/div>\n\n\n\n<p class=\"has-black-color has-text-color has-link-color has-medium-font-size wp-elements-eeeab3aba2ae08940c34aebc19b14fe9\"><em>Vivas de felicidades para a m\u00e9dica geriatra Xiancarla Fernandes que apaga velinhas amanh\u00e3, dia 1\u00ba de outubro. Parab\u00e9ns, lindinha, sa\u00fade, alegrias e muitas viagens maravilhosas!<\/em><\/p>\n\n\n\n<p><\/p>\n","protected":false},"excerpt":{"rendered":"<p>ORFEU \u201cV\u00ea-se livre o rei dos seus dom\u00ednios, que n\u00e3o queria deixar. As que espalharam amor veem-se livres dos triunfos que adoram. Os que venceram veem-se livres das vit\u00f3rias para que a sua vida se fadou.\u201d CHAMPANHE NO GELO Apagam velinhas hoje: Williams Vicente, Edvaldo Ferreira Santos, Lourdes Firmino, Hilem Oliveira, Iung de Brito Chaves, [&hellip;]<\/p>\n","protected":false},"author":1,"featured_media":6183,"comment_status":"open","ping_status":"open","sticky":false,"template":"","format":"standard","meta":{"footnotes":""},"categories":[3],"tags":[],"class_list":["post-6222","post","type-post","status-publish","format-standard","has-post-thumbnail","hentry","category-colunas"],"_links":{"self":[{"href":"https:\/\/marilenepaiva.com\/index.php?rest_route=\/wp\/v2\/posts\/6222","targetHints":{"allow":["GET"]}}],"collection":[{"href":"https:\/\/marilenepaiva.com\/index.php?rest_route=\/wp\/v2\/posts"}],"about":[{"href":"https:\/\/marilenepaiva.com\/index.php?rest_route=\/wp\/v2\/types\/post"}],"author":[{"embeddable":true,"href":"https:\/\/marilenepaiva.com\/index.php?rest_route=\/wp\/v2\/users\/1"}],"replies":[{"embeddable":true,"href":"https:\/\/marilenepaiva.com\/index.php?rest_route=%2Fwp%2Fv2%2Fcomments&post=6222"}],"version-history":[{"count":1,"href":"https:\/\/marilenepaiva.com\/index.php?rest_route=\/wp\/v2\/posts\/6222\/revisions"}],"predecessor-version":[{"id":6229,"href":"https:\/\/marilenepaiva.com\/index.php?rest_route=\/wp\/v2\/posts\/6222\/revisions\/6229"}],"wp:featuredmedia":[{"embeddable":true,"href":"https:\/\/marilenepaiva.com\/index.php?rest_route=\/wp\/v2\/media\/6183"}],"wp:attachment":[{"href":"https:\/\/marilenepaiva.com\/index.php?rest_route=%2Fwp%2Fv2%2Fmedia&parent=6222"}],"wp:term":[{"taxonomy":"category","embeddable":true,"href":"https:\/\/marilenepaiva.com\/index.php?rest_route=%2Fwp%2Fv2%2Fcategories&post=6222"},{"taxonomy":"post_tag","embeddable":true,"href":"https:\/\/marilenepaiva.com\/index.php?rest_route=%2Fwp%2Fv2%2Ftags&post=6222"}],"curies":[{"name":"wp","href":"https:\/\/api.w.org\/{rel}","templated":true}]}}