{"id":933,"date":"2023-10-18T22:30:00","date_gmt":"2023-10-18T22:30:00","guid":{"rendered":"https:\/\/marilenepaiva.com\/?p=933"},"modified":"2023-10-18T15:29:12","modified_gmt":"2023-10-18T15:29:12","slug":"gente-de-fato-19-de-outubro-de-2023","status":"publish","type":"post","link":"https:\/\/marilenepaiva.com\/?p=933","title":{"rendered":"GENTE DE FATO 19 DE OUTUBRO DE 2023"},"content":{"rendered":"\n<p><\/p>\n\n\n\n<p><\/p>\n\n\n\n<p class=\"has-large-font-size\"><strong>CHAMPANHE NO GELO<\/strong><\/p>\n\n\n\n<p class=\"has-black-color has-text-color has-medium-font-size\">Celebram idade nova hoje: Arthur N\u00e9o, Rodrigo Loureiro, Maria Libanio Olimpio, Cinthia Sabrina de Souza Oliveira, Jo\u00e3o Luciano Neto, Felipe Dutra, Danilo Torres, Karydja Rodrigues, Jair Mois\u00e9s, Maria L\u00facia Bessa Silveira, Zito Luiz de Souza Pinheiro, Ol\u00edvia Figueredo, Pedro de Alc\u00e2ntara Alves Lopes, Genivan de Freitas Vale, Geniana Freitas, Nilma Cleide Oliveira, \u00c9zio Lima, Fernando Queir\u00f3z, N\u00fabia Santos. Parab\u00e9ns, sa\u00fade e paz.<\/p>\n\n\n\n<p><\/p>\n\n\n\n<p class=\"has-large-font-size\"><strong>HI BARBIE &#8211; O MUSICAL!<\/strong><\/p>\n\n\n\n<p class=\"has-black-color has-text-color has-medium-font-size\">\u00danica apresenta\u00e7\u00e3o em Mossor\u00f3! Espet\u00e1culo que lotou os teatros de Natal e Salvador, com v\u00e1rias sess\u00f5es, chega agora \u00e0 Mossor\u00f3 e promete muita divers\u00e3o.&nbsp; TOTALMENTE INFANTIL, o musical traz a est\u00e9tica da personagem mais amada pelas crian\u00e7as e aborda v\u00e1rias li\u00e7\u00f5es: valoriza\u00e7\u00e3o do estudo, amizade, h\u00e1bitos saud\u00e1veis, empatia, etc. O texto \u00e9 super educativo e o espet\u00e1culo conta com v\u00e1rias refer\u00eancias dos filmes e desenhos da Barbie, com personagens e m\u00fasicas super conhecidas pelas crian\u00e7as. Salve a data, dia 29 de outubro, \u00e0s 17h, no Teatro Lauro Monte Filho.<\/p>\n\n\n\n<p><\/p>\n\n\n\n<p><\/p>\n\n\n\n<p class=\"has-large-font-size\"><strong>HALLOWEEN ALPHAVILLE 2023<\/strong><\/p>\n\n\n\n<p class=\"has-black-color has-text-color has-medium-font-size\">O Halloween mais esperado da city, sem d\u00favidas, \u00e9 o do Alphaville Mossor\u00f3. S\u00e1bado, dia 28, com gostosuras e travessuras. Brinquedos e os maravilhosos da Robinzband.&nbsp; Del\u00edcias by Requinte Buffet. Em nome de Paula Paiva agradecemos e confirmamos presen\u00e7a.<\/p>\n\n\n\n<p><\/p>\n\n\n\n<p><\/p>\n\n\n\n<p class=\"has-large-font-size\"><strong>VER\u00c3O DAS ANTIGAS 2024<\/strong><\/p>\n\n\n\n<p class=\"has-black-color has-text-color has-medium-font-size\">[\u2026] Haja amor pra plantar. Haja amor pra sorrir. Haja amor pra viver. Haja amor! Seja flor! Anjo no c\u00e9u! Luiz Caldas \u00e9 uma das atra\u00e7\u00f5es confirmadas do Ver\u00e3o das Antigas 2024, 06 de Janeiro &#8211; Clube \u00c1libi &#8211; Tibau<\/p>\n\n\n\n<p><\/p>\n\n\n\n<p><\/p>\n\n\n\n<div class=\"wp-block-columns is-layout-flex wp-container-core-columns-is-layout-9d6595d7 wp-block-columns-is-layout-flex\">\n<div class=\"wp-block-column is-layout-flow wp-block-column-is-layout-flow\" style=\"flex-basis:100%\">\n<figure class=\"wp-block-image size-full\"><img decoding=\"async\" src=\"https:\/\/marilenepaiva.com\/wp-content\/uploads\/2023\/10\/F1-VERA-E-JULIA.jpg\" alt=\"\" class=\"wp-image-935\"\/><\/figure>\n<\/div>\n<\/div>\n\n\n\n<p><em>\u00c9 hoje o dia de abra\u00e7ar a querid\u00edssima Vera Esc\u00f3ssia que lan\u00e7a o seu livro e recebe ao lado da neta Julia e dos familiares no Mans\u00e3o Terrazzo. At\u00e9 l\u00e1.<\/em><\/p>\n\n\n\n<p><\/p>\n\n\n\n<p><\/p>\n\n\n\n<div class=\"wp-block-columns is-layout-flex wp-container-core-columns-is-layout-9d6595d7 wp-block-columns-is-layout-flex\">\n<div class=\"wp-block-column is-layout-flow wp-block-column-is-layout-flow\" style=\"flex-basis:100%\">\n<figure class=\"wp-block-image size-full\"><img decoding=\"async\" src=\"https:\/\/marilenepaiva.com\/wp-content\/uploads\/2023\/10\/F2-ARTHUR-NEO-1.jpg\" alt=\"\" class=\"wp-image-936\"\/><\/figure>\n<\/div>\n<\/div>\n\n\n\n<p><em>O todo bacana Arthur Pinheiro N\u00e9o, apaga velinhas hoje. Recebe sess\u00e3o bolo confeitado da sua musa absoluta Elita Germano e dos filhos Luis Henrique e Maria Luiza. Parab\u00e9ns primo lindo e muito querido!!!<\/em><\/p>\n\n\n\n<p><\/p>\n\n\n\n<p><\/p>\n\n\n\n<div class=\"wp-block-columns is-layout-flex wp-container-core-columns-is-layout-9d6595d7 wp-block-columns-is-layout-flex\">\n<div class=\"wp-block-column is-layout-flow wp-block-column-is-layout-flow\" style=\"flex-basis:100%\">\n<figure class=\"wp-block-image size-full\"><img decoding=\"async\" src=\"https:\/\/marilenepaiva.com\/wp-content\/uploads\/2023\/10\/F3-MIZINHA-E-A-FILHA.jpeg\" alt=\"\" class=\"wp-image-937\"\/><\/figure>\n<\/div>\n<\/div>\n\n\n\n<p>Todos os vivas para a princesa Naya que apaga velinhas hoje e ganha sess\u00e3o bolo confeitado de sua mamis Misle\u00e2ne Oliveira. Tudo de bom Naya\u00a0e\u00a0Mizinha!!!!<\/p>\n\n\n\n<p><\/p>\n\n\n\n<p><\/p>\n\n\n\n<div class=\"wp-block-columns is-layout-flex wp-container-core-columns-is-layout-9d6595d7 wp-block-columns-is-layout-flex\">\n<div class=\"wp-block-column is-layout-flow wp-block-column-is-layout-flow\" style=\"flex-basis:100%\">\n<figure class=\"wp-block-image size-full\"><img decoding=\"async\" src=\"https:\/\/marilenepaiva.com\/wp-content\/uploads\/2023\/10\/F4-DANDARA.jpg\" alt=\"\" class=\"wp-image-938\"\/><\/figure>\n<\/div>\n<\/div>\n\n\n\n<p><em>A coluna parabeniza o todo lindo Guilherme Pedrosa Pinto Leite, filho de Afr\u00e2nio e Claudinha, que conquistou medalha de Ouro em Kata individual e medalha de Prata em Kata em equipe. Aqui, com a sua treinadora e atleta Dandara Chrystian do Col\u00e9gio Diocesano Santa Luzia.<\/em><\/p>\n\n\n\n<p><\/p>\n\n\n\n<p><\/p>\n\n\n\n<div class=\"wp-block-columns is-layout-flex wp-container-core-columns-is-layout-9d6595d7 wp-block-columns-is-layout-flex\">\n<div class=\"wp-block-column is-layout-flow wp-block-column-is-layout-flow\" style=\"flex-basis:100%\">\n<figure class=\"wp-block-image size-large\"><img decoding=\"async\" src=\"https:\/\/marilenepaiva.com\/wp-content\/uploads\/2023\/10\/F5-RODRIGO-LOUREIRO-1-1-756x1024.jpg\" alt=\"\" class=\"wp-image-939\"\/><\/figure>\n<\/div>\n<\/div>\n\n\n\n<p><em>Daqui para Natal, enviamos os votos de feliz anivers\u00e1rio para o amigo comunicador Rodrigo Loureiro. Tudo de melhor!<br><\/em><br><\/p>\n","protected":false},"excerpt":{"rendered":"<p>CHAMPANHE NO GELO Celebram idade nova hoje: Arthur N\u00e9o, Rodrigo Loureiro, Maria Libanio Olimpio, Cinthia Sabrina de Souza Oliveira, Jo\u00e3o Luciano Neto, Felipe Dutra, Danilo Torres, Karydja Rodrigues, Jair Mois\u00e9s, Maria L\u00facia Bessa Silveira, Zito Luiz de Souza Pinheiro, Ol\u00edvia Figueredo, Pedro de Alc\u00e2ntara Alves Lopes, Genivan de Freitas Vale, Geniana Freitas, Nilma Cleide Oliveira, [&hellip;]<\/p>\n","protected":false},"author":1,"featured_media":0,"comment_status":"open","ping_status":"open","sticky":true,"template":"","format":"standard","meta":{"footnotes":""},"categories":[3],"tags":[],"class_list":["post-933","post","type-post","status-publish","format-standard","hentry","category-colunas"],"_links":{"self":[{"href":"https:\/\/marilenepaiva.com\/index.php?rest_route=\/wp\/v2\/posts\/933","targetHints":{"allow":["GET"]}}],"collection":[{"href":"https:\/\/marilenepaiva.com\/index.php?rest_route=\/wp\/v2\/posts"}],"about":[{"href":"https:\/\/marilenepaiva.com\/index.php?rest_route=\/wp\/v2\/types\/post"}],"author":[{"embeddable":true,"href":"https:\/\/marilenepaiva.com\/index.php?rest_route=\/wp\/v2\/users\/1"}],"replies":[{"embeddable":true,"href":"https:\/\/marilenepaiva.com\/index.php?rest_route=%2Fwp%2Fv2%2Fcomments&post=933"}],"version-history":[{"count":3,"href":"https:\/\/marilenepaiva.com\/index.php?rest_route=\/wp\/v2\/posts\/933\/revisions"}],"predecessor-version":[{"id":942,"href":"https:\/\/marilenepaiva.com\/index.php?rest_route=\/wp\/v2\/posts\/933\/revisions\/942"}],"wp:attachment":[{"href":"https:\/\/marilenepaiva.com\/index.php?rest_route=%2Fwp%2Fv2%2Fmedia&parent=933"}],"wp:term":[{"taxonomy":"category","embeddable":true,"href":"https:\/\/marilenepaiva.com\/index.php?rest_route=%2Fwp%2Fv2%2Fcategories&post=933"},{"taxonomy":"post_tag","embeddable":true,"href":"https:\/\/marilenepaiva.com\/index.php?rest_route=%2Fwp%2Fv2%2Ftags&post=933"}],"curies":[{"name":"wp","href":"https:\/\/api.w.org\/{rel}","templated":true}]}}