{"id":944,"date":"2023-10-19T23:01:27","date_gmt":"2023-10-19T23:01:27","guid":{"rendered":"https:\/\/marilenepaiva.com\/?p=944"},"modified":"2023-10-19T23:01:28","modified_gmt":"2023-10-19T23:01:28","slug":"gente-de-fato-20-de-outubro-de-2023","status":"publish","type":"post","link":"https:\/\/marilenepaiva.com\/?p=944","title":{"rendered":"GENTE DE FATO 20 DE OUTUBRO DE 2023"},"content":{"rendered":"\n<p><\/p>\n\n\n\n<p><\/p>\n\n\n\n<p class=\"has-large-font-size\"><strong>CHAMPANHE NO GELO<\/strong><\/p>\n\n\n\n<p class=\"has-black-color has-text-color has-medium-font-size\"><br>E apagam velinhas hoje: Luciene Pedrosa, Maria Giselda Medeiros Vale, Ruana Gurgel, Railma Rodrigues Nunes, Suellen Soares, Thiago Fernandes, Pedro Batista, Luciene Sousa, Leilane Paiva, Larissa Nunes, Antonio Ribeiro, Ana Maria Gurgel de Oliveira, Misa Katiana de Moura, Arlene Nascimento e Eriosmar Torres. Parab\u00e9ns meus amores!<\/p>\n\n\n\n<p><\/p>\n\n\n\n<p><\/p>\n\n\n\n<p class=\"has-large-font-size\"><strong>MIA COUTO<\/strong><\/p>\n\n\n\n<p class=\"has-black-color has-text-color has-medium-font-size\"><br>\u201c A guerra nunca partiu , filho. As guerras s\u00e3o como as esta\u00e7\u00f5es do ano: ficam suspensas , a amadurecer no \u00f3dio da gente mi\u00fada\u201d. Mia Couto.<\/p>\n\n\n\n<p><\/p>\n\n\n\n<p><\/p>\n\n\n\n<p class=\"has-large-font-size\"><strong>WELMA MARIA FERREIRA DE MENEZES<\/strong><\/p>\n\n\n\n<p class=\"has-black-color has-text-color has-medium-font-size\"><strong><br><\/strong>A AMOL, Academia Mossoroense de Letras, empossa hoje, \u00e0s 19h30, no Teatro Lauro Monte, a sua nova acad\u00eamica, Magistrada Welma Menezes, que ocupar\u00e1 a cadeira de N\u00ba 15, a qual tem como Patrono Joaquim Ribeiro Freire e Primeira Ocupante a imortal D`Alva Stella Nogueira Freire. A sauda\u00e7\u00e3o de recep\u00e7\u00e3o , em nome da AMOL, ser\u00e1 proferida pelo Acad\u00eamico Benedito Vasconcelos Mendes. Agradecemos o convite do Presidente da Academia Mossoroense de Letras, Dr Elder Heronildes da Silva. Confirmamos presen\u00e7a<\/p>\n\n\n\n<p><\/p>\n\n\n\n<p><\/p>\n\n\n\n<p class=\"has-large-font-size\"><strong>S\u00cdNDROME DE ESTOCOLMO<\/strong><\/p>\n\n\n\n<p class=\"has-black-color has-text-color has-medium-font-size\"><br>Os eleitores potiguares , especialmente alguns mossoroenses, sofrem da famigerada S\u00edndrome de Estocolmo. Se interessar, tente decifrar. T\u00e3o iludidos\u2026ai ai ai!<\/p>\n\n\n\n<p><\/p>\n\n\n\n<p><\/p>\n\n\n\n<div class=\"wp-block-columns is-layout-flex wp-container-core-columns-is-layout-9d6595d7 wp-block-columns-is-layout-flex\">\n<div class=\"wp-block-column is-layout-flow wp-block-column-is-layout-flow\" style=\"flex-basis:100%\">\n<figure class=\"wp-block-image size-large\"><img decoding=\"async\" src=\"https:\/\/marilenepaiva.com\/wp-content\/uploads\/2023\/10\/F1-WELMA-MENEZES-E-AMIGOS-1024x742.jpg\" alt=\"\" class=\"wp-image-946\"\/><\/figure>\n<\/div>\n<\/div>\n\n\n\n<p><em>A querida Welma Menezes ser\u00e1 empossada hoje, em sess\u00e3o solene, no Teatro Lauro Monte Filho, na AMOL, Academia Mossoroense de Letras. Ocupar\u00e1 a cadeira N\u00ba 15. Canta com o Grupo Incanto ACJUS: Paulo Fernandes ,Daniele Melo, Carlinhos Batera, Marcos Lima e Gideao Lima. Brav\u00edssimo!<\/em><\/p>\n\n\n\n<p><\/p>\n\n\n\n<p><\/p>\n\n\n\n<div class=\"wp-block-columns is-layout-flex wp-container-core-columns-is-layout-9d6595d7 wp-block-columns-is-layout-flex\">\n<div class=\"wp-block-column is-layout-flow wp-block-column-is-layout-flow\" style=\"flex-basis:100%\">\n<figure class=\"wp-block-image size-large\"><img decoding=\"async\" src=\"https:\/\/marilenepaiva.com\/wp-content\/uploads\/2023\/10\/F2-GEORGIANO-AZEVEDO-E-MISSES-1024x682.jpg\" alt=\"\" class=\"wp-image-947\"\/><\/figure>\n<\/div>\n<\/div>\n\n\n\n<p><em>O todo poderoso da moda potiguar, descobridor dos 7 mares e das nossas belezas , colunista Georgiano Azevedo, com as eleitas no Miss Teen CNB do Rio Grande do Norte. Em primeir\u00edssimo Lugar, Miss MOSSOR\u00d3 Alessadra de Castro. Segundo lugar, L\u00edvia Gomes, Miss Natal e terceiro lugar , Bia Neres, Miss Campo Grande<\/em><\/p>\n\n\n\n<p><\/p>\n\n\n\n<p><\/p>\n\n\n\n<div class=\"wp-block-columns is-layout-flex wp-container-core-columns-is-layout-9d6595d7 wp-block-columns-is-layout-flex\">\n<div class=\"wp-block-column is-layout-flow wp-block-column-is-layout-flow\" style=\"flex-basis:100%\">\n<figure class=\"wp-block-image size-large\"><img decoding=\"async\" src=\"https:\/\/marilenepaiva.com\/wp-content\/uploads\/2023\/10\/F3-STELA-E-ANDRESSA-614x1024.jpg\" alt=\"\" class=\"wp-image-948\"\/><\/figure>\n<\/div>\n<\/div>\n\n\n\n<p><em>Elas conclu\u00edram a primeira etapa no Curso de Orat\u00f3ria Vox2you Mossor\u00f3 e foram, com todos os m\u00e9ritos, premiadas: a empres\u00e1ria Stella Maris na categoria Destaque e a advogada Andressa Pinheiro, Revela\u00e7\u00e3o. Parab\u00e9ns!<\/em><\/p>\n\n\n\n<p><\/p>\n\n\n\n<p><\/p>\n\n\n\n<div class=\"wp-block-columns is-layout-flex wp-container-core-columns-is-layout-9d6595d7 wp-block-columns-is-layout-flex\">\n<div class=\"wp-block-column is-layout-flow wp-block-column-is-layout-flow\" style=\"flex-basis:100%\">\n<figure class=\"wp-block-image size-large\"><img decoding=\"async\" src=\"https:\/\/marilenepaiva.com\/wp-content\/uploads\/2023\/10\/F4-RICARDO-MAGNO-1-804x1024.jpg\" alt=\"\" class=\"wp-image-949\"\/><\/figure>\n<\/div>\n<\/div>\n\n\n\n<p><em>O cerimonialista Ricardo Magno dos Anjos aniversaria hoje e celebra entre familiares e amigos. Felicidades. Tintin meu querido!<\/em><\/p>\n\n\n\n<p><\/p>\n\n\n\n<p><\/p>\n\n\n\n<div class=\"wp-block-columns is-layout-flex wp-container-core-columns-is-layout-9d6595d7 wp-block-columns-is-layout-flex\">\n<div class=\"wp-block-column is-layout-flow wp-block-column-is-layout-flow\" style=\"flex-basis:100%\">\n<figure class=\"wp-block-image size-full\"><img decoding=\"async\" src=\"https:\/\/marilenepaiva.com\/wp-content\/uploads\/2023\/10\/f5-luciene-pedrosa-1.jpg\" alt=\"\" class=\"wp-image-950\"\/><\/figure>\n<\/div>\n<\/div>\n\n\n\n<p><em>Todos os vivas para a aniversariante muito querida de hoje, Luciene Pedrosa. Sa\u00fade, paz, e tudo de melhor minha querida.<\/em><\/p>\n","protected":false},"excerpt":{"rendered":"<p>CHAMPANHE NO GELO E apagam velinhas hoje: Luciene Pedrosa, Maria Giselda Medeiros Vale, Ruana Gurgel, Railma Rodrigues Nunes, Suellen Soares, Thiago Fernandes, Pedro Batista, Luciene Sousa, Leilane Paiva, Larissa Nunes, Antonio Ribeiro, Ana Maria Gurgel de Oliveira, Misa Katiana de Moura, Arlene Nascimento e Eriosmar Torres. Parab\u00e9ns meus amores! MIA COUTO \u201c A guerra nunca [&hellip;]<\/p>\n","protected":false},"author":1,"featured_media":0,"comment_status":"open","ping_status":"open","sticky":true,"template":"","format":"standard","meta":{"footnotes":""},"categories":[3],"tags":[],"class_list":["post-944","post","type-post","status-publish","format-standard","hentry","category-colunas"],"_links":{"self":[{"href":"https:\/\/marilenepaiva.com\/index.php?rest_route=\/wp\/v2\/posts\/944","targetHints":{"allow":["GET"]}}],"collection":[{"href":"https:\/\/marilenepaiva.com\/index.php?rest_route=\/wp\/v2\/posts"}],"about":[{"href":"https:\/\/marilenepaiva.com\/index.php?rest_route=\/wp\/v2\/types\/post"}],"author":[{"embeddable":true,"href":"https:\/\/marilenepaiva.com\/index.php?rest_route=\/wp\/v2\/users\/1"}],"replies":[{"embeddable":true,"href":"https:\/\/marilenepaiva.com\/index.php?rest_route=%2Fwp%2Fv2%2Fcomments&post=944"}],"version-history":[{"count":1,"href":"https:\/\/marilenepaiva.com\/index.php?rest_route=\/wp\/v2\/posts\/944\/revisions"}],"predecessor-version":[{"id":951,"href":"https:\/\/marilenepaiva.com\/index.php?rest_route=\/wp\/v2\/posts\/944\/revisions\/951"}],"wp:attachment":[{"href":"https:\/\/marilenepaiva.com\/index.php?rest_route=%2Fwp%2Fv2%2Fmedia&parent=944"}],"wp:term":[{"taxonomy":"category","embeddable":true,"href":"https:\/\/marilenepaiva.com\/index.php?rest_route=%2Fwp%2Fv2%2Fcategories&post=944"},{"taxonomy":"post_tag","embeddable":true,"href":"https:\/\/marilenepaiva.com\/index.php?rest_route=%2Fwp%2Fv2%2Ftags&post=944"}],"curies":[{"name":"wp","href":"https:\/\/api.w.org\/{rel}","templated":true}]}}