{"id":952,"date":"2023-10-20T21:47:51","date_gmt":"2023-10-20T21:47:51","guid":{"rendered":"https:\/\/marilenepaiva.com\/?p=952"},"modified":"2023-10-20T21:47:52","modified_gmt":"2023-10-20T21:47:52","slug":"gente-de-fato-21-de-outubro-de-2023","status":"publish","type":"post","link":"https:\/\/marilenepaiva.com\/?p=952","title":{"rendered":"GENTE DE FATO 21 DE OUTUBRO DE 2023"},"content":{"rendered":"\n<p><\/p>\n\n\n\n<p><\/p>\n\n\n\n<div class=\"wp-block-columns is-layout-flex wp-container-core-columns-is-layout-9d6595d7 wp-block-columns-is-layout-flex\">\n<div class=\"wp-block-column is-layout-flow wp-block-column-is-layout-flow\" style=\"flex-basis:100%\">\n<figure class=\"wp-block-image size-full\"><img decoding=\"async\" src=\"https:\/\/marilenepaiva.com\/wp-content\/uploads\/2023\/10\/F1-ANTONIO-FRANCISCO-1-1.jpg\" alt=\"\" class=\"wp-image-954\"\/><\/figure>\n<\/div>\n<\/div>\n\n\n\n<p><em>Sou f\u00e3 de carteirinha desse imortal. Hoje \u00e9 dia de abra\u00e7ar e beijar o aniversariante poeta Antonio Francisco. Deus te aben\u00e7oe com muitos anos de vida. Parab\u00e9ns!!!<\/em><\/p>\n\n\n\n<p><\/p>\n\n\n\n<p><\/p>\n\n\n\n<div class=\"wp-block-columns is-layout-flex wp-container-core-columns-is-layout-9d6595d7 wp-block-columns-is-layout-flex\">\n<div class=\"wp-block-column is-layout-flow wp-block-column-is-layout-flow\" style=\"flex-basis:100%\">\n<figure class=\"wp-block-image size-large\"><img decoding=\"async\" src=\"https:\/\/marilenepaiva.com\/wp-content\/uploads\/2023\/10\/f2-gorete-e-cristiane-e-manzotti-768x1024.jpg\" alt=\"\" class=\"wp-image-955\"\/><\/figure>\n<\/div>\n<\/div>\n\n\n\n<p><em>As amadas Goreth e Cristiane Vieira com o Padre Reginaldo Manzotti, em Roma,\u00a0 no jantar de confraterniza\u00e7\u00e3o ao final\u00a0 da\u00a0 peregrina\u00e7\u00e3o \u00a0\u201cPelos caminhos de S\u00e3o Pio e Medjugorje, a Rainha da Paz.\u201d Deus seja louvado!<\/em><\/p>\n\n\n\n<p><\/p>\n\n\n\n<p><\/p>\n\n\n\n<div class=\"wp-block-columns is-layout-flex wp-container-core-columns-is-layout-9d6595d7 wp-block-columns-is-layout-flex\">\n<div class=\"wp-block-column is-layout-flow wp-block-column-is-layout-flow\" style=\"flex-basis:100%\">\n<figure class=\"wp-block-image size-large\"><img decoding=\"async\" src=\"https:\/\/marilenepaiva.com\/wp-content\/uploads\/2023\/10\/f3-vilaine-gadelha-869x1024.jpg\" alt=\"\" class=\"wp-image-956\"\/><\/figure>\n<\/div>\n<\/div>\n\n\n\n<p><em>Daqui para Natal, enviamos os votos de feliz anivers\u00e1rio para a\u00a0 amiga , toda charmosa, Vilaine\u00a0 Gadelha\u00a0 que ganha sess\u00e3o bolo confeitado dos amigos e familiares. Sa\u00fade e paz.<\/em><\/p>\n\n\n\n<p><\/p>\n\n\n\n<p><\/p>\n\n\n\n<div class=\"wp-block-columns is-layout-flex wp-container-core-columns-is-layout-9d6595d7 wp-block-columns-is-layout-flex\">\n<div class=\"wp-block-column is-layout-flow wp-block-column-is-layout-flow\" style=\"flex-basis:100%\">\n<figure class=\"wp-block-image size-full\"><img decoding=\"async\" src=\"https:\/\/marilenepaiva.com\/wp-content\/uploads\/2023\/10\/f4-sanzia-e-jean.jpg\" alt=\"\" class=\"wp-image-957\"\/><\/figure>\n<\/div>\n<\/div>\n\n\n\n<p><em>Casal Jean Carlo e S\u00e2nzia Fernandes, um amor para a vida inteira. 19 anos de casados, pais de\u00a0 Matheus e Felipe. Renovam os votos de viver o c\u00e9u aqui e na eternidade. Lindos.<\/em><\/p>\n\n\n\n<p><\/p>\n\n\n\n<p><\/p>\n\n\n\n<div class=\"wp-block-columns is-layout-flex wp-container-core-columns-is-layout-9d6595d7 wp-block-columns-is-layout-flex\">\n<div class=\"wp-block-column is-layout-flow wp-block-column-is-layout-flow\" style=\"flex-basis:100%\">\n<figure class=\"wp-block-image size-large\"><img decoding=\"async\" src=\"https:\/\/marilenepaiva.com\/wp-content\/uploads\/2023\/10\/F5-MARCIA-REJANE-1-1-652x1024.jpg\" alt=\"\" class=\"wp-image-958\"\/><\/figure>\n<\/div>\n<\/div>\n\n\n\n<p><em>Todos os vivas para a estilosa arquiteta M\u00e1rcia Rejane que celebra idade nova hoje. Sa\u00fade, paz e sucesso.<\/em><\/p>\n\n\n\n<p><\/p>\n\n\n\n<p><\/p>\n\n\n\n<div class=\"wp-block-columns is-layout-flex wp-container-core-columns-is-layout-9d6595d7 wp-block-columns-is-layout-flex\">\n<div class=\"wp-block-column is-layout-flow wp-block-column-is-layout-flow\" style=\"flex-basis:100%\">\n<figure class=\"wp-block-image size-large\"><img decoding=\"async\" src=\"https:\/\/marilenepaiva.com\/wp-content\/uploads\/2023\/10\/F6-MARCOS-GARCIA-1-1-806x1024.jpg\" alt=\"\" class=\"wp-image-959\"\/><\/figure>\n<\/div>\n<\/div>\n\n\n\n<p><em>Hoje \u00e9 dia de bolo confeitado para o fot\u00f3grafo Marcos Garcia, muso absoluto da amiga F\u00e1tima Santos. Tudo de melhor Marquinhos!<\/em><\/p>\n\n\n\n<p><\/p>\n\n\n\n<p><\/p>\n\n\n\n<div class=\"wp-block-columns is-layout-flex wp-container-core-columns-is-layout-9d6595d7 wp-block-columns-is-layout-flex\">\n<div class=\"wp-block-column is-layout-flow wp-block-column-is-layout-flow\" style=\"flex-basis:100%\">\n<figure class=\"wp-block-image size-full\"><img decoding=\"async\" src=\"https:\/\/marilenepaiva.com\/wp-content\/uploads\/2023\/10\/f7-kumon.jpg\" alt=\"\" class=\"wp-image-960\"\/><\/figure>\n<\/div>\n<\/div>\n\n\n\n<p><em>O amado Miranda, Diretor \u00a0do \u00a0KUMON Mossor\u00f3, \u00a0ao lado de sua equipe , recebe as fam\u00edlias e os Alunos Adiantados, no evento Expo Kumon, amanh\u00e3, 22, \u00e0s18h30, no Teatro Dix-huit Rosado. Uma noite para celebrar conquistas!<\/em><\/p>\n\n\n\n<p><\/p>\n\n\n\n<p><\/p>\n\n\n\n<div class=\"wp-block-columns is-layout-flex wp-container-core-columns-is-layout-9d6595d7 wp-block-columns-is-layout-flex\">\n<div class=\"wp-block-column is-layout-flow wp-block-column-is-layout-flow\" style=\"flex-basis:100%\">\n<figure class=\"wp-block-image size-large\"><img decoding=\"async\" src=\"https:\/\/marilenepaiva.com\/wp-content\/uploads\/2023\/10\/f8-vera-escossia-e-amigas-1024x768.jpg\" alt=\"\" class=\"wp-image-961\"\/><\/figure>\n<\/div>\n<\/div>\n\n\n\n<p>Amigas do Peito, no Lan\u00e7amento do livro de Vera Esc\u00f3ssia: L\u00facia Negreiros, Eliane Lins, Edn\u00ea Soares e\u00a0 Irlanda Carlos.\u00a0 Todas com hist\u00f3rico de c\u00e2ncer de mama. E com sentimentos de gratid\u00e3o pela cura!<\/p>\n\n\n\n<p><\/p>\n\n\n\n<p><\/p>\n\n\n\n<div class=\"wp-block-columns is-layout-flex wp-container-core-columns-is-layout-9d6595d7 wp-block-columns-is-layout-flex\">\n<div class=\"wp-block-column is-layout-flow wp-block-column-is-layout-flow\" style=\"flex-basis:100%\">\n<figure class=\"wp-block-image size-large\"><img decoding=\"async\" src=\"https:\/\/marilenepaiva.com\/wp-content\/uploads\/2023\/10\/f9-nobrega-867x1024.jpg\" alt=\"\" class=\"wp-image-962\"\/><\/figure>\n<\/div>\n<\/div>\n\n\n\n<p><em>Todos os vivas\u00a0 para o querido e iluminado Francisco N\u00f3brega, aniversariante de segunda, dia 23. Antecipamos os votos de felicidades ao\u00a0 Paiz\u00e3o de Flora e P\u00e9rola, esposo de sua\u00a0 amada Lenira. Tudo de melhor!<\/em><\/p>\n\n\n\n<p><\/p>\n\n\n\n<p><\/p>\n\n\n\n<div class=\"wp-block-columns is-layout-flex wp-container-core-columns-is-layout-9d6595d7 wp-block-columns-is-layout-flex\">\n<div class=\"wp-block-column is-layout-flow wp-block-column-is-layout-flow\" style=\"flex-basis:100%\">\n<figure class=\"wp-block-image size-full\"><img decoding=\"async\" src=\"https:\/\/marilenepaiva.com\/wp-content\/uploads\/2023\/10\/F10-CRISTIANE-E-FILHOS.jpg\" alt=\"\" class=\"wp-image-963\"\/><\/figure>\n<\/div>\n<\/div>\n\n\n\n<p><em>Amanh\u00e3, 22, \u00e9 dia de bolo confeitado para a amiga Christiane\u00a0 Dantas. Daqui, renovamos os desejos de sa\u00fade, paz, alegrias e muitos brindes. No clique, com os filhos oftalmologistas Pedro e Bruno. Parab\u00e9ns Chris, voc\u00ea \u00e9 o\u00a0 m\u00e1ximo!<\/em><\/p>\n","protected":false},"excerpt":{"rendered":"<p>Sou f\u00e3 de carteirinha desse imortal. Hoje \u00e9 dia de abra\u00e7ar e beijar o aniversariante poeta Antonio Francisco. Deus te aben\u00e7oe com muitos anos de vida. Parab\u00e9ns!!! As amadas Goreth e Cristiane Vieira com o Padre Reginaldo Manzotti, em Roma,\u00a0 no jantar de confraterniza\u00e7\u00e3o ao final\u00a0 da\u00a0 peregrina\u00e7\u00e3o \u00a0\u201cPelos caminhos de S\u00e3o Pio e Medjugorje, [&hellip;]<\/p>\n","protected":false},"author":1,"featured_media":0,"comment_status":"open","ping_status":"open","sticky":true,"template":"","format":"standard","meta":{"footnotes":""},"categories":[3],"tags":[],"class_list":["post-952","post","type-post","status-publish","format-standard","hentry","category-colunas"],"_links":{"self":[{"href":"https:\/\/marilenepaiva.com\/index.php?rest_route=\/wp\/v2\/posts\/952","targetHints":{"allow":["GET"]}}],"collection":[{"href":"https:\/\/marilenepaiva.com\/index.php?rest_route=\/wp\/v2\/posts"}],"about":[{"href":"https:\/\/marilenepaiva.com\/index.php?rest_route=\/wp\/v2\/types\/post"}],"author":[{"embeddable":true,"href":"https:\/\/marilenepaiva.com\/index.php?rest_route=\/wp\/v2\/users\/1"}],"replies":[{"embeddable":true,"href":"https:\/\/marilenepaiva.com\/index.php?rest_route=%2Fwp%2Fv2%2Fcomments&post=952"}],"version-history":[{"count":1,"href":"https:\/\/marilenepaiva.com\/index.php?rest_route=\/wp\/v2\/posts\/952\/revisions"}],"predecessor-version":[{"id":964,"href":"https:\/\/marilenepaiva.com\/index.php?rest_route=\/wp\/v2\/posts\/952\/revisions\/964"}],"wp:attachment":[{"href":"https:\/\/marilenepaiva.com\/index.php?rest_route=%2Fwp%2Fv2%2Fmedia&parent=952"}],"wp:term":[{"taxonomy":"category","embeddable":true,"href":"https:\/\/marilenepaiva.com\/index.php?rest_route=%2Fwp%2Fv2%2Fcategories&post=952"},{"taxonomy":"post_tag","embeddable":true,"href":"https:\/\/marilenepaiva.com\/index.php?rest_route=%2Fwp%2Fv2%2Ftags&post=952"}],"curies":[{"name":"wp","href":"https:\/\/api.w.org\/{rel}","templated":true}]}}