{"id":965,"date":"2023-10-23T23:21:45","date_gmt":"2023-10-23T23:21:45","guid":{"rendered":"https:\/\/marilenepaiva.com\/?p=965"},"modified":"2023-10-23T23:21:45","modified_gmt":"2023-10-23T23:21:45","slug":"gente-de-fato-24-de-outubro-de-2023","status":"publish","type":"post","link":"https:\/\/marilenepaiva.com\/?p=965","title":{"rendered":"GENTE DE FATO 24 DE OUTUBRO DE 2023"},"content":{"rendered":"\n<p><\/p>\n\n\n\n<p class=\"has-large-font-size\"><strong>CLARICE LISPECTOR<\/strong><\/p>\n\n\n\n<p class=\"has-black-color has-text-color has-medium-font-size\">&#8220;Eu sou o que eu luto, o que consigo gerar atrav\u00e9s de minhas verdades, sou os direitos que tenho e os deveres a que me obrigo, sou a estrada por onde corro, sou o que ensino e, sobretudo, o que aprendo: Eu sou o que eu pleiteio!!!Eu n\u00e3o sou da forma como me visto, n\u00e3o sou da forma como me comporto, n\u00e3o sou o que eu como, muito menos o que eu bebo. N\u00e3o sou o que aparento ser: Eu sou o que ningu\u00e9m v\u00ea.&#8221;<\/p>\n\n\n\n<p><\/p>\n\n\n\n<p><\/p>\n\n\n\n<p class=\"has-large-font-size\">MASSAI NA FICRO<\/p>\n\n\n\n<p class=\"has-black-color has-text-color has-medium-font-size\">O OMNI Mossor\u00f3, novo medical da cidade, assinado pela Construtora Massai, estar\u00e1 presente na Feira Industrial e Comercial da Regi\u00e3o Oeste \u2013 FICRO, que acontece de 26 a 29 de outubro na Esta\u00e7\u00e3o das Artes. No stand, no Sal\u00e3o Imobili\u00e1rio de Mossor\u00f3, os visitantes conhecer\u00e3o as vantagens e oportunidades de neg\u00f3cios do centro de sa\u00fade e complexo m\u00e9dico-hospitalar, que traz beleza e inova\u00e7\u00e3o com funcionalidade, com o objetivo de atender \u00e0s principais necessidades m\u00e9dicas da regi\u00e3o e comportar profissionais da \u00e1rea de sa\u00fade com conforto e estrutura qualificada.<\/p>\n\n\n\n<p><\/p>\n\n\n\n<p><\/p>\n\n\n\n<p class=\"has-large-font-size\"><strong>CAJU FOLIA 2023<\/strong><\/p>\n\n\n\n<p class=\"has-black-color has-text-color has-medium-font-size\">Voc\u00ea que \u00e9 f\u00e3 das nossas serras do oeste potiguar prestigie o Caju Folia, no pr\u00f3ximo final de semana, dia 28 de outubro, em Portalegre. Como atra\u00e7\u00f5es no trio el\u00e9trico Muny Santos, Banda Inala, Dod\u00f4 Press\u00e3o e Erik Sales. Salve a data!<\/p>\n\n\n\n<p><\/p>\n\n\n\n<p><\/p>\n\n\n\n<div class=\"wp-block-columns is-layout-flex wp-container-core-columns-is-layout-9d6595d7 wp-block-columns-is-layout-flex\">\n<div class=\"wp-block-column is-layout-flow wp-block-column-is-layout-flow\" style=\"flex-basis:100%\">\n<figure class=\"wp-block-image size-large\"><img decoding=\"async\" src=\"https:\/\/marilenepaiva.com\/wp-content\/uploads\/2023\/10\/F1-SANDRA-RAISSA-E-GENILDINHO-1024x978.jpg\" alt=\"\" class=\"wp-image-967\"\/><\/figure>\n<\/div>\n<\/div>\n\n\n\n<p><em>Todos os vivas para a querida aniversariante de hoje, odont\u00f3loga Sandra Ra\u00edssa, musa absoluta de Cid Esc\u00f3ssia, filha amada de Genildo e Soledade. No clique com o irm\u00e3o Genildinho, sess\u00e3o bolo confeitado do dia 22. Tudo de melhor meus amores!!<\/em><\/p>\n\n\n\n<p><\/p>\n\n\n\n<p><\/p>\n\n\n\n<div class=\"wp-block-columns is-layout-flex wp-container-core-columns-is-layout-9d6595d7 wp-block-columns-is-layout-flex\">\n<div class=\"wp-block-column is-layout-flow wp-block-column-is-layout-flow\" style=\"flex-basis:100%\">\n<figure class=\"wp-block-image size-large\"><img decoding=\"async\" src=\"https:\/\/marilenepaiva.com\/wp-content\/uploads\/2023\/10\/F2-GUI-PORTO-OMNI-1024x1010.jpg\" alt=\"\" class=\"wp-image-968\"\/><\/figure>\n<\/div>\n<\/div>\n\n\n\n<p><em>O todo bacana s\u00f3cio-diretor da Massai, Allisson Nunes, e o diretor comercial Lucas Silveira, confirmando presen\u00e7a na Ficro 2023. Salve simpatias!<\/em><\/p>\n\n\n\n<p><\/p>\n\n\n\n<p><\/p>\n\n\n\n<div class=\"wp-block-columns is-layout-flex wp-container-core-columns-is-layout-9d6595d7 wp-block-columns-is-layout-flex\">\n<div class=\"wp-block-column is-layout-flow wp-block-column-is-layout-flow\" style=\"flex-basis:100%\">\n<figure class=\"wp-block-image size-full\"><img decoding=\"async\" src=\"https:\/\/marilenepaiva.com\/wp-content\/uploads\/2023\/10\/F3-PAULINHO-DA-HONDAE-LUCIA-ROCHA.jpeg\" alt=\"\" class=\"wp-image-969\"\/><\/figure>\n<\/div>\n<\/div>\n\n\n\n<p><em>O casal Lindinalva e Paulinho Pereira esteve na sess\u00e3o de aut\u00f3grafos de A Menina que Queria Ir \u00e0 Guerra, da jornalista L\u00facia Rocha, no Midway Mall, em Natal no final de semana. Brav\u00edssimo!<\/em><\/p>\n\n\n\n<p><\/p>\n\n\n\n<p><\/p>\n\n\n\n<div class=\"wp-block-columns is-layout-flex wp-container-core-columns-is-layout-9d6595d7 wp-block-columns-is-layout-flex\">\n<div class=\"wp-block-column is-layout-flow wp-block-column-is-layout-flow\" style=\"flex-basis:100%\">\n<figure class=\"wp-block-image size-full\"><img decoding=\"async\" src=\"https:\/\/marilenepaiva.com\/wp-content\/uploads\/2023\/10\/F4-SORAYA-VIEIRA.jpg\" alt=\"\" class=\"wp-image-970\"\/><\/figure>\n<\/div>\n<\/div>\n\n\n\n<p><em>Nos 26 anos da Escola Catarina de Siena, a sua Diretora Soraya Vieira ao lado do seu esposo Vieira recebendo o abra\u00e7o da Prefeita de Pau dos Ferros Mariana Almeida e do casal Newton Figueredo e Maria Jos\u00e9 Villa\u00e7a.<\/em><\/p>\n\n\n\n<p><\/p>\n\n\n\n<p><\/p>\n\n\n\n<div class=\"wp-block-columns is-layout-flex wp-container-core-columns-is-layout-9d6595d7 wp-block-columns-is-layout-flex\">\n<div class=\"wp-block-column is-layout-flow wp-block-column-is-layout-flow\" style=\"flex-basis:100%\">\n<figure class=\"wp-block-image size-large\"><img decoding=\"async\" src=\"https:\/\/marilenepaiva.com\/wp-content\/uploads\/2023\/10\/F5-NILTINHO-E-SONIA-767x1024.jpg\" alt=\"\" class=\"wp-image-971\"\/><\/figure>\n<\/div>\n<\/div>\n\n\n\n<p><em>O decorador pernambucano cinco estrelas, Niltinho Medeiros, celebrando a idade nova de sua mamis poderosa S\u00f4nia Medeiros, em Recife. Felicidades. Sa\u00fade e paz.<\/em><\/p>\n\n\n\n<p><\/p>\n\n\n\n<p><\/p>\n\n\n\n<div class=\"wp-block-columns is-layout-flex wp-container-core-columns-is-layout-9d6595d7 wp-block-columns-is-layout-flex\">\n<div class=\"wp-block-column is-layout-flow wp-block-column-is-layout-flow\" style=\"flex-basis:100%\">\n<figure class=\"wp-block-image size-full\"><img decoding=\"async\" src=\"https:\/\/marilenepaiva.com\/wp-content\/uploads\/2023\/10\/F6-FRANCINALDO-RAFAEL.jpg\" alt=\"\" class=\"wp-image-972\"\/><\/figure>\n<\/div>\n<\/div>\n\n\n\n<p><em>O amigo\u00a0\u00a0 Francinaldo Rafael aniversaria hoje. Psic\u00f3logo dos melhores, din\u00e2mico, inteligente, criativo e muito seguro no que faz, merece todos os abra\u00e7os e beijinhos. Parab\u00e9ns!<\/em><\/p>\n","protected":false},"excerpt":{"rendered":"<p>CLARICE LISPECTOR &#8220;Eu sou o que eu luto, o que consigo gerar atrav\u00e9s de minhas verdades, sou os direitos que tenho e os deveres a que me obrigo, sou a estrada por onde corro, sou o que ensino e, sobretudo, o que aprendo: Eu sou o que eu pleiteio!!!Eu n\u00e3o sou da forma como me [&hellip;]<\/p>\n","protected":false},"author":1,"featured_media":0,"comment_status":"open","ping_status":"open","sticky":true,"template":"","format":"standard","meta":{"footnotes":""},"categories":[3],"tags":[],"class_list":["post-965","post","type-post","status-publish","format-standard","hentry","category-colunas"],"_links":{"self":[{"href":"https:\/\/marilenepaiva.com\/index.php?rest_route=\/wp\/v2\/posts\/965","targetHints":{"allow":["GET"]}}],"collection":[{"href":"https:\/\/marilenepaiva.com\/index.php?rest_route=\/wp\/v2\/posts"}],"about":[{"href":"https:\/\/marilenepaiva.com\/index.php?rest_route=\/wp\/v2\/types\/post"}],"author":[{"embeddable":true,"href":"https:\/\/marilenepaiva.com\/index.php?rest_route=\/wp\/v2\/users\/1"}],"replies":[{"embeddable":true,"href":"https:\/\/marilenepaiva.com\/index.php?rest_route=%2Fwp%2Fv2%2Fcomments&post=965"}],"version-history":[{"count":1,"href":"https:\/\/marilenepaiva.com\/index.php?rest_route=\/wp\/v2\/posts\/965\/revisions"}],"predecessor-version":[{"id":973,"href":"https:\/\/marilenepaiva.com\/index.php?rest_route=\/wp\/v2\/posts\/965\/revisions\/973"}],"wp:attachment":[{"href":"https:\/\/marilenepaiva.com\/index.php?rest_route=%2Fwp%2Fv2%2Fmedia&parent=965"}],"wp:term":[{"taxonomy":"category","embeddable":true,"href":"https:\/\/marilenepaiva.com\/index.php?rest_route=%2Fwp%2Fv2%2Fcategories&post=965"},{"taxonomy":"post_tag","embeddable":true,"href":"https:\/\/marilenepaiva.com\/index.php?rest_route=%2Fwp%2Fv2%2Ftags&post=965"}],"curies":[{"name":"wp","href":"https:\/\/api.w.org\/{rel}","templated":true}]}}