{"id":974,"date":"2023-10-24T18:35:11","date_gmt":"2023-10-24T18:35:11","guid":{"rendered":"https:\/\/marilenepaiva.com\/?p=974"},"modified":"2023-10-24T18:35:11","modified_gmt":"2023-10-24T18:35:11","slug":"gente-de-fato-25-de-outubro-de-2023","status":"publish","type":"post","link":"https:\/\/marilenepaiva.com\/?p=974","title":{"rendered":"GENTE DE FATO 25 DE OUTUBRO DE 2023"},"content":{"rendered":"\n<p><\/p>\n\n\n\n<p><\/p>\n\n\n\n<p class=\"has-large-font-size\"><strong>CHEIRIN B\u00c3O<\/strong><\/p>\n\n\n\n<p class=\"has-black-color has-text-color has-medium-font-size\">Adoramos a tarde de domingo no Cheirin B\u00e3o, do casal Christian e Adriana. Adoro a cozinha mineira. E os mineiros tamb\u00e9m. Povo bacana e acolhedor. No Partage Shopping. Com aroma de caf\u00e9.<\/p>\n\n\n\n<p><\/p>\n\n\n\n<p><\/p>\n\n\n\n<p class=\"has-large-font-size\"><strong>COMO CONTROLAR DESORDEM DOS PENSAMENTOS?<\/strong><\/p>\n\n\n\n<p class=\"has-black-color has-text-color has-medium-font-size\">No pa\u00eds mais ansioso do mundo, O Brasil, a terapeuta Myriam Filippi ensina a transformar a ansiedade em aliada com conhecimento de mais de 20 anos de pesquisa e investiga\u00e7\u00e3o do autoconhecimento, traduzidos no seu novo livro <em>Transformando a Ansiedade em Aliada<\/em>.<\/p>\n\n\n\n<p><\/p>\n\n\n\n<p><\/p>\n\n\n\n<p class=\"has-large-font-size\"><strong>CHAMPANHE NO GELO<\/strong><\/p>\n\n\n\n<p class=\"has-black-color has-text-color has-medium-font-size\">Apagam velinhas hoje:\u00a0 Paulo Roberto Chaves Alves, Renata Dias, Izabelle Cant\u00eddio Fernandes Di\u00f3genes, Narjara Souza, R\u00fatilo Coelho, Elano Rommel Pinto Barra, Albidenes de Mac\u00eado Sin\u00e1zio, Jeane Dantas, Lenilton Maia de Lima, Esther Ruanda Fagundes, Leilane Dias da Esc\u00f3ssia, Paulo Roberto Darwin, Geruza Pinheiro, Wilka Carvalho, Isabelliny Silva, Fernanda Fernandes, Kadu Severiano, Jeov\u00e1 Fernandes, Thallys Pinto. Felicidades!!!<\/p>\n\n\n\n<p><\/p>\n\n\n\n<p><\/p>\n\n\n\n<div class=\"wp-block-columns is-layout-flex wp-container-core-columns-is-layout-9d6595d7 wp-block-columns-is-layout-flex\">\n<div class=\"wp-block-column is-layout-flow wp-block-column-is-layout-flow\" style=\"flex-basis:100%\">\n<figure class=\"wp-block-image size-large\"><img decoding=\"async\" src=\"https:\/\/marilenepaiva.com\/wp-content\/uploads\/2023\/10\/F1-PADRE-CHARLES-839x1024.jpg\" alt=\"\" class=\"wp-image-976\"\/><\/figure>\n<\/div>\n<\/div>\n\n\n\n<p><em>Ele \u00e9 o amorzinho do Padre Charles Lamartine. O sobrinho Gabriel Terceiro apagou sua primeira velinha ao lado da irm\u00e3 Rebeca e ganhou mimos e beijinhos. Sa\u00fade, paz e alegrias!<\/em><\/p>\n\n\n\n<p><\/p>\n\n\n\n<p><\/p>\n\n\n\n<div class=\"wp-block-columns is-layout-flex wp-container-core-columns-is-layout-9d6595d7 wp-block-columns-is-layout-flex\">\n<div class=\"wp-block-column is-layout-flow wp-block-column-is-layout-flow\" style=\"flex-basis:100%\">\n<figure class=\"wp-block-image size-large\"><img decoding=\"async\" src=\"https:\/\/marilenepaiva.com\/wp-content\/uploads\/2023\/10\/F2-PALOMA-E-RUTILO-869x1024.jpg\" alt=\"\" class=\"wp-image-977\"\/><\/figure>\n<\/div>\n<\/div>\n\n\n\n<p><em>Hoje \u00e9 dia de abra\u00e7ar e beijar o aniversariante, empres\u00e1rio R\u00fatilo Coelho. Aqui, com a filha amada Paloma Saboya Coelho. Sa\u00fade, paz, sucessos e muitas felicidades!<\/em><\/p>\n\n\n\n<p><\/p>\n\n\n\n<p><\/p>\n\n\n\n<div class=\"wp-block-columns is-layout-flex wp-container-core-columns-is-layout-9d6595d7 wp-block-columns-is-layout-flex\">\n<div class=\"wp-block-column is-layout-flow wp-block-column-is-layout-flow\" style=\"flex-basis:100%\">\n<figure class=\"wp-block-image size-large\"><img decoding=\"async\" src=\"https:\/\/marilenepaiva.com\/wp-content\/uploads\/2023\/10\/f3-as-solidarias-1024x475.jpg\" alt=\"\" class=\"wp-image-978\"\/><\/figure>\n<\/div>\n<\/div>\n\n\n\n<p><em>No lan\u00e7amento do livro de Vera Esc\u00f3ssia, as meninas do Grupo As Solid\u00e1rias:Francisquinha Furtado, Faf\u00e1 Rosado, Goreth Vieira, Aparecida Ferreira, Meire Simone, Ol\u00edmpia Rego, Aninha Borges, Cei\u00e7\u00e3o, F\u00e1tima Marques, Cei\u00e7\u00e3o Souza, Lourdinha Mendon\u00e7a, Edilene Benjamim, F\u00e1tima Rego e L\u00facia Rosado.<\/em><\/p>\n\n\n\n<p><\/p>\n\n\n\n<p><\/p>\n\n\n\n<div class=\"wp-block-columns is-layout-flex wp-container-core-columns-is-layout-9d6595d7 wp-block-columns-is-layout-flex\">\n<div class=\"wp-block-column is-layout-flow wp-block-column-is-layout-flow\" style=\"flex-basis:100%\">\n<figure class=\"wp-block-image size-large\"><img decoding=\"async\" src=\"https:\/\/marilenepaiva.com\/wp-content\/uploads\/2023\/10\/f4-luana-e-marlene-637x1024.jpg\" alt=\"\" class=\"wp-image-979\"\/><\/figure>\n<\/div>\n<\/div>\n\n\n\n<p><em>A escritora Marlene Maia recebe para um encontro liter\u00e1rio e o lan\u00e7amento do seu livro Sil\u00eancios e Retic\u00eancias, dia 27. No clique, com a amada m\u00e9dica Luana Santos, prestigiando a posse da Dra Welma, na Amol.<\/em><\/p>\n\n\n\n<p><\/p>\n\n\n\n<p><\/p>\n\n\n\n<div class=\"wp-block-columns is-layout-flex wp-container-core-columns-is-layout-9d6595d7 wp-block-columns-is-layout-flex\">\n<div class=\"wp-block-column is-layout-flow wp-block-column-is-layout-flow\" style=\"flex-basis:100%\">\n<figure class=\"wp-block-image size-full\"><img decoding=\"async\" src=\"https:\/\/marilenepaiva.com\/wp-content\/uploads\/2023\/10\/F5-NARJARA-SOUZA.jpg\" alt=\"\" class=\"wp-image-980\"\/><\/figure>\n<\/div>\n<\/div>\n\n\n\n<p><em>A toda linda arquiteta Narjara Souza festeja mais um ano de vida hoje. Receba os nossos votos de felicidades. Parab\u00e9ns!<\/em><\/p>\n\n\n\n<p><\/p>\n\n\n\n<p><\/p>\n\n\n\n<div class=\"wp-block-columns is-layout-flex wp-container-core-columns-is-layout-9d6595d7 wp-block-columns-is-layout-flex\">\n<div class=\"wp-block-column is-layout-flow wp-block-column-is-layout-flow\" style=\"flex-basis:100%\">\n<figure class=\"wp-block-image size-large\"><img decoding=\"async\" src=\"https:\/\/marilenepaiva.com\/wp-content\/uploads\/2023\/10\/f6-vera-sandra-e-larissa-893x1024.jpg\" alt=\"\" class=\"wp-image-981\"\/><\/figure>\n<\/div>\n<\/div>\n\n\n\n<p><em>A escritora Vera Esc\u00f3ssia lan\u00e7ando seu livro no Mans\u00e3o Terrazzo e recebendo o abra\u00e7o das ex-deputadas e amigas do cora\u00e7\u00e3o, Larissa e Sandra Rosado. Tintin!<\/em><\/p>\n","protected":false},"excerpt":{"rendered":"<p>CHEIRIN B\u00c3O Adoramos a tarde de domingo no Cheirin B\u00e3o, do casal Christian e Adriana. Adoro a cozinha mineira. E os mineiros tamb\u00e9m. Povo bacana e acolhedor. No Partage Shopping. Com aroma de caf\u00e9. COMO CONTROLAR DESORDEM DOS PENSAMENTOS? No pa\u00eds mais ansioso do mundo, O Brasil, a terapeuta Myriam Filippi ensina a transformar a [&hellip;]<\/p>\n","protected":false},"author":1,"featured_media":0,"comment_status":"open","ping_status":"open","sticky":true,"template":"","format":"standard","meta":{"footnotes":""},"categories":[3],"tags":[],"class_list":["post-974","post","type-post","status-publish","format-standard","hentry","category-colunas"],"_links":{"self":[{"href":"https:\/\/marilenepaiva.com\/index.php?rest_route=\/wp\/v2\/posts\/974","targetHints":{"allow":["GET"]}}],"collection":[{"href":"https:\/\/marilenepaiva.com\/index.php?rest_route=\/wp\/v2\/posts"}],"about":[{"href":"https:\/\/marilenepaiva.com\/index.php?rest_route=\/wp\/v2\/types\/post"}],"author":[{"embeddable":true,"href":"https:\/\/marilenepaiva.com\/index.php?rest_route=\/wp\/v2\/users\/1"}],"replies":[{"embeddable":true,"href":"https:\/\/marilenepaiva.com\/index.php?rest_route=%2Fwp%2Fv2%2Fcomments&post=974"}],"version-history":[{"count":1,"href":"https:\/\/marilenepaiva.com\/index.php?rest_route=\/wp\/v2\/posts\/974\/revisions"}],"predecessor-version":[{"id":982,"href":"https:\/\/marilenepaiva.com\/index.php?rest_route=\/wp\/v2\/posts\/974\/revisions\/982"}],"wp:attachment":[{"href":"https:\/\/marilenepaiva.com\/index.php?rest_route=%2Fwp%2Fv2%2Fmedia&parent=974"}],"wp:term":[{"taxonomy":"category","embeddable":true,"href":"https:\/\/marilenepaiva.com\/index.php?rest_route=%2Fwp%2Fv2%2Fcategories&post=974"},{"taxonomy":"post_tag","embeddable":true,"href":"https:\/\/marilenepaiva.com\/index.php?rest_route=%2Fwp%2Fv2%2Ftags&post=974"}],"curies":[{"name":"wp","href":"https:\/\/api.w.org\/{rel}","templated":true}]}}