{"id":983,"date":"2023-10-26T00:27:34","date_gmt":"2023-10-26T00:27:34","guid":{"rendered":"https:\/\/marilenepaiva.com\/?p=983"},"modified":"2023-10-26T00:27:34","modified_gmt":"2023-10-26T00:27:34","slug":"gente-de-fato-26-de-outubro-de-2023","status":"publish","type":"post","link":"https:\/\/marilenepaiva.com\/?p=983","title":{"rendered":"GENTE DE FATO 26 DE OUTUBRO DE 2023"},"content":{"rendered":"\n<p><\/p>\n\n\n\n<p><\/p>\n\n\n\n<p class=\"has-large-font-size\"><strong>LIGA MOSSOROENSE E O OUTUBRO ROSA.<\/strong><\/p>\n\n\n\n<p class=\"has-black-color has-text-color has-medium-font-size\">A Liga Mossoroense de Estudos e Combate ao C\u00e2ncer \u2013 LMECC, continua desenvolvendo atividades dentro da programa\u00e7\u00e3o do outubro Rosa, na Unidade II, antigo Hospital Santa Luzia, na Pra\u00e7a C\u00f4nego Estev\u00e3o Dantas (Pra\u00e7a dos Hospitais). Para essa semana est\u00e3o agendadas as seguintes atividades: hoje, dia 26, a\u00e7\u00f5es com alunos de fisioterapia e psicologia a partir das14h.Amnh\u00e3, dia 27, a\u00e7\u00f5es sob a coordena\u00e7\u00e3o da Rede Feminina de Combate ao C\u00e2ncer de Mossor\u00f3 e Regi\u00e3o \u2013 RFCCMR; E no domingo, 29, Corrida \u201cOutubro Rosa\/Novembro Azul\u201d a partir das 05h.<\/p>\n\n\n\n<p><\/p>\n\n\n\n<p><\/p>\n\n\n\n<p class=\"has-large-font-size\"><strong>CHAMPANHE NO GELO<\/strong><\/p>\n\n\n\n<p class=\"has-black-color has-text-color has-medium-font-size\">Celebram idade nova hoje: &nbsp;Rosalba Ciarlini Rosado, Hillary Clinton, Catharina Amorim, Leilane Dias Esc\u00f3ssia, Judson da Cruz Gurgel, Canind\u00e9 de Freitas, Eriele Soares Rebou\u00e7as, Ethel M\u00f4nica de Azevedo Farias, Luciana Rosado, Jos\u00e9 Cl\u00e9bson Vieira, B\u00e1rbara Oliveira, Amanda Beatriz, Daniel C\u00e2mara, Gutemberg Dias, Anny Arielly, D\u00f4ra Maia, Rodrigo Tarciso Miranda, L\u00facia Rocha, Ros\u00e1rio Aquino dos Santos, Pedro Henrique, Ang\u00e9lica Trajano, Begna Nogueira. Parab\u00e9ns!!!<\/p>\n\n\n\n<p><\/p>\n\n\n\n<p><\/p>\n\n\n\n<p class=\"has-large-font-size\"><strong>PARAB\u00c9NS ROSALBA<\/strong><\/p>\n\n\n\n<p class=\"has-black-color has-text-color has-medium-font-size\">Saint- Exup\u00e9ry, no Pequeno Pr\u00edncipe, escreveu:\u201d Foi o tempo que passaste com a tua ROSA que a tornou t\u00e3o importante\u201d. Confesso, digo e repito. Voto em pessoas. N\u00e3o em partidos. Voto nas a\u00e7\u00f5es, na empatia, no bem querer. Com Rosalba Ciarlini sempre foi assim. H\u00e1 38 anos moro em Mossor\u00f3. Votei nela em todas as suas campanhas. Nunca pertenci ao grupo \u201crosalbismo\u201d, nunca fui da sua cozinha&#8230; Colaborei por 4 anos ao seu lado, no Pal\u00e1cio da Resist\u00eancia. Muito aprendi. E sou-lhe grata. Ahhh&#8230; a gratid\u00e3o. Reza a lenda, a maior de todas as virtudes. A fonte da paz de esp\u00edrito. Imagine o dia em que as pessoas perceberem o qu\u00e3o \u00e9 bacana ser agradecida!!<\/p>\n\n\n\n<p><\/p>\n\n\n\n<p><\/p>\n\n\n\n<p><\/p>\n\n\n\n<p class=\"has-large-font-size\"><strong>FILHOS E FILHAS<\/strong><\/p>\n\n\n\n<p class=\"has-medium-font-size\">Do Padre Reginaldo Manzotti: \u201cEssa semana estamos todos entusiasmados com a XVI edi\u00e7\u00e3o do Evangelizar \u00c9 Preciso Fortaleza, que ter\u00e1 como tema &#8220;Por Suas Santas Chagas vem a vit\u00f3ria&#8221;&nbsp;e como lema:&nbsp;&#8220;Sejam fortes e corajosos, todos voc\u00eas que esperam no Senhor!&#8221;&nbsp;(Sl 31,25).O cap\u00edtulo 31 do livro de Salmos, detalha bem esta rela\u00e7\u00e3o de confian\u00e7a entre o homem e Deus. As palavras expressadas, exaltam a gl\u00f3ria, a grandeza de Nosso Senhor e, ao mesmo tempo, exp\u00f5e toda nossa fraqueza, nossa fragilidade, pois sem Deus n\u00e3o somos nada. Quando nos sentimos pequenos diante dele, \u00e9 quando abrimos espa\u00e7o a humildade e assim o Esp\u00edrito Santo adentra nosso cora\u00e7\u00e3o.&nbsp;<\/p>\n\n\n\n<p><\/p>\n\n\n\n<p><\/p>\n\n\n\n<div class=\"wp-block-columns is-layout-flex wp-container-core-columns-is-layout-9d6595d7 wp-block-columns-is-layout-flex\">\n<div class=\"wp-block-column is-layout-flow wp-block-column-is-layout-flow\" style=\"flex-basis:100%\">\n<figure class=\"wp-block-image size-large\"><img decoding=\"async\" src=\"https:\/\/marilenepaiva.com\/wp-content\/uploads\/2023\/10\/F1-ROSALBA-CIARLINI-1024x986.jpg\" alt=\"\" class=\"wp-image-985\"\/><\/figure>\n<\/div>\n<\/div>\n\n\n\n<p><em>Hoje, a ex- Governadora, ex- Senadora e ex- prefeita Rosalba Ciarlini agradece mais um ano de vida,ao lado de amigos e familiares .A Rosa de Mossor\u00f3. Do Rio Grande do Norte. A m\u00e3e, a esposa, a m\u00e9dica, a cidad\u00e3. Com erros e acertos. Com alegrias e tristezas. Humanamente normal. At\u00e9 porque a perfei\u00e7\u00e3o n\u00e3o \u00e9 deste mundo. Parab\u00e9ns Rosalba, que Deus te aben\u00e7oe e guie teus passos e decis\u00f5es. Paz e luz.<\/em><\/p>\n\n\n\n<p><\/p>\n\n\n\n<p><\/p>\n\n\n\n<div class=\"wp-block-columns is-layout-flex wp-container-core-columns-is-layout-9d6595d7 wp-block-columns-is-layout-flex\">\n<div class=\"wp-block-column is-layout-flow wp-block-column-is-layout-flow\" style=\"flex-basis:100%\">\n<figure class=\"wp-block-image size-full\"><img decoding=\"async\" src=\"https:\/\/marilenepaiva.com\/wp-content\/uploads\/2023\/10\/f2-luciana-rosado-e-familia.jpg\" alt=\"\" class=\"wp-image-986\"\/><\/figure>\n<\/div>\n<\/div>\n\n\n\n<p><em>As meninas do Dr Bernardo Am\u00e9rico Rosado, sua esposa Betinha e as filhas Roberta, Lorena e Luciana que apaga velinhas hoje. Tintin meus amores!<\/em><\/p>\n\n\n\n<p><\/p>\n\n\n\n<p><\/p>\n\n\n\n<div class=\"wp-block-columns is-layout-flex wp-container-core-columns-is-layout-9d6595d7 wp-block-columns-is-layout-flex\">\n<div class=\"wp-block-column is-layout-flow wp-block-column-is-layout-flow\" style=\"flex-basis:100%\">\n<figure class=\"wp-block-image size-large\"><img decoding=\"async\" src=\"https:\/\/marilenepaiva.com\/wp-content\/uploads\/2023\/10\/f3-welma-1024x893.jpg\" alt=\"\" class=\"wp-image-987\"\/><\/figure>\n<\/div>\n<\/div>\n\n\n\n<p><em>Todos os vivas para a \u00a0\u00a0jornalista L\u00facia Rocha que apaga velinhas hoje e ganha sess\u00e3o bolo confeitado das irm\u00e3s e sobrinhos. L\u00facia \u00e9 amiga dos amigos, talentosa, inteligente, profunda conhecedora do vern\u00e1culo. No clique, com o amigo Jornalista Osair Vasconcelos.<\/em><\/p>\n\n\n\n<p><\/p>\n\n\n\n<p><\/p>\n\n\n\n<div class=\"wp-block-columns is-layout-flex wp-container-core-columns-is-layout-9d6595d7 wp-block-columns-is-layout-flex\">\n<div class=\"wp-block-column is-layout-flow wp-block-column-is-layout-flow\" style=\"flex-basis:100%\">\n<figure class=\"wp-block-image size-large\"><img decoding=\"async\" src=\"https:\/\/marilenepaiva.com\/wp-content\/uploads\/2023\/10\/F4-LUCIA-ROCHA-749x1024.jpg\" alt=\"\" class=\"wp-image-988\"\/><\/figure>\n<\/div>\n<\/div>\n\n\n\n<p><em>Prestigiando a posse da Magistrada Welma Menezes na cadeira 15 da AMOL:\u00a0 Iara Maria Carneiro, Ant\u00f4nia Ferreira de Menezes, Emanuelly Menezes, Manoel Menezes, Leila Tabosa e Wilma Menezes.<\/em><\/p>\n","protected":false},"excerpt":{"rendered":"<p>LIGA MOSSOROENSE E O OUTUBRO ROSA. A Liga Mossoroense de Estudos e Combate ao C\u00e2ncer \u2013 LMECC, continua desenvolvendo atividades dentro da programa\u00e7\u00e3o do outubro Rosa, na Unidade II, antigo Hospital Santa Luzia, na Pra\u00e7a C\u00f4nego Estev\u00e3o Dantas (Pra\u00e7a dos Hospitais). Para essa semana est\u00e3o agendadas as seguintes atividades: hoje, dia 26, a\u00e7\u00f5es com alunos [&hellip;]<\/p>\n","protected":false},"author":1,"featured_media":0,"comment_status":"open","ping_status":"open","sticky":true,"template":"","format":"standard","meta":{"footnotes":""},"categories":[3],"tags":[],"class_list":["post-983","post","type-post","status-publish","format-standard","hentry","category-colunas"],"_links":{"self":[{"href":"https:\/\/marilenepaiva.com\/index.php?rest_route=\/wp\/v2\/posts\/983","targetHints":{"allow":["GET"]}}],"collection":[{"href":"https:\/\/marilenepaiva.com\/index.php?rest_route=\/wp\/v2\/posts"}],"about":[{"href":"https:\/\/marilenepaiva.com\/index.php?rest_route=\/wp\/v2\/types\/post"}],"author":[{"embeddable":true,"href":"https:\/\/marilenepaiva.com\/index.php?rest_route=\/wp\/v2\/users\/1"}],"replies":[{"embeddable":true,"href":"https:\/\/marilenepaiva.com\/index.php?rest_route=%2Fwp%2Fv2%2Fcomments&post=983"}],"version-history":[{"count":1,"href":"https:\/\/marilenepaiva.com\/index.php?rest_route=\/wp\/v2\/posts\/983\/revisions"}],"predecessor-version":[{"id":989,"href":"https:\/\/marilenepaiva.com\/index.php?rest_route=\/wp\/v2\/posts\/983\/revisions\/989"}],"wp:attachment":[{"href":"https:\/\/marilenepaiva.com\/index.php?rest_route=%2Fwp%2Fv2%2Fmedia&parent=983"}],"wp:term":[{"taxonomy":"category","embeddable":true,"href":"https:\/\/marilenepaiva.com\/index.php?rest_route=%2Fwp%2Fv2%2Fcategories&post=983"},{"taxonomy":"post_tag","embeddable":true,"href":"https:\/\/marilenepaiva.com\/index.php?rest_route=%2Fwp%2Fv2%2Ftags&post=983"}],"curies":[{"name":"wp","href":"https:\/\/api.w.org\/{rel}","templated":true}]}}