{"id":990,"date":"2023-10-26T21:12:18","date_gmt":"2023-10-26T21:12:18","guid":{"rendered":"https:\/\/marilenepaiva.com\/?p=990"},"modified":"2023-10-27T11:18:03","modified_gmt":"2023-10-27T11:18:03","slug":"gente-de-fato-27-de-outubro-de-2023","status":"publish","type":"post","link":"https:\/\/marilenepaiva.com\/?p=990","title":{"rendered":"GENTE DE FATO 27 DE OUTUBRO DE 2023"},"content":{"rendered":"\n<p><\/p>\n\n\n\n<p><\/p>\n\n\n\n<figure class=\"wp-block-pullquote has-text-align-left has-medium-font-size\"><blockquote><p>ORPHEU<br><br>Como \u00e9 por dentro outra pessoa<br>Quem \u00e9 que o saber\u00e1 sonhar?<br>A alma de outrem \u00e9 outro universo<br>Com que n\u00e3o h\u00e1 comunica\u00e7\u00e3o poss\u00edvel,<br>Com que n\u00e3o h\u00e1 verdadeiro entendimento.&nbsp;<br>Nada sabemos da alma<br>Sen\u00e3o da nossa;<br>As dos outros s\u00e3o olhares,<br>S\u00e3o gestos, s\u00e3o palavras,<br>Com a suposi\u00e7\u00e3o de qualquer semelhan\u00e7a<br>No fundo.<br>&nbsp;<br>Fernando Pessoa<\/p><\/blockquote><\/figure>\n\n\n\n<p><\/p>\n\n\n\n<p><\/p>\n\n\n\n<p class=\"has-large-font-size\"><strong>CERIMONIALISTA<\/strong><\/p>\n\n\n\n<p class=\"has-black-color has-text-color has-medium-font-size\"> A C\u00e2mara Municipal de Natal vai prestar homenagem aos profissionais de cerimonial durante sess\u00e3o solene, na pr\u00f3xima segunda-feira (30), \u00e0s 18h, no audit\u00f3rio da FIERN, em homenagem ao Dia do Cerimonialista, comemorado anualmente no dia 29 de outubro. Na ocasi\u00e3o, destaques do segmento receber\u00e3o reconhecimento pelos relevantes servi\u00e7os prestados \u00e0 sociedade e ser\u00e3o agraciados com diploma merit\u00f3rio para marcar a import\u00e2ncia da data<\/p>\n\n\n\n<p><\/p>\n\n\n\n<p><\/p>\n\n\n\n<p class=\"has-large-font-size\"><strong>HALLOWEEN<\/strong><\/p>\n\n\n\n<p class=\"has-black-color has-text-color has-medium-font-size\">E Mossor\u00f3 se agita com a temporada de Halloween, as festas das bruxas e bruxos. Hoje, quem comanda a noite s\u00e3o os alunos e convidados do Col\u00e9gio Mater Christi com balada animada pelo Dj Bruninho, concursos de fantasias, ca\u00e7a as aranhas e drinks tem\u00e1ticos. Amanh\u00e3, dia 28, as gostosuras e travessuras ficam por conta da comiss\u00e3o organizadora do Alphaville. Com Robinzband no Clube e maratona de doces pelos gardens do Alpha. O Casar\u00e3o Festas e Noivas \u00e9 a melhor pedida para alugar suas fantasias. Liga para a toda bacana Andrea Azevedo 988052157.\u00a0<\/p>\n\n\n\n<p><\/p>\n\n\n\n<p><\/p>\n\n\n\n<p class=\"has-large-font-size\"><strong>CHAMPANHE NO GELO<\/strong><\/p>\n\n\n\n<p class=\"has-black-color has-text-color has-medium-font-size\">Festejam idade nova hoje:&nbsp; Lorna Falc\u00e3o, Maria das Gra\u00e7as Santos, Isadora Dantas da Fons\u00eaca Souza, Cleodon Carlos Sobrinho, Suzana Cant\u00eddio Mendes, Lu\u00eds In\u00e1cio Lula da Silva, B\u00e1rbara Tavares, Alu\u00edsio Nogueira Veras Saldanha, Jer\u00f4nimo Noguchi de G\u00f3is Rosado Filho, Zeneide Dantas Morais e Jorge Luiz Bezerra. Parab\u00e9ns!<\/p>\n\n\n\n<p><\/p>\n\n\n\n<p><\/p>\n\n\n\n<figure class=\"wp-block-image size-large\"><img decoding=\"async\" src=\"https:\/\/marilenepaiva.com\/wp-content\/uploads\/2023\/10\/F1-LORNA-FALCAO-1-1-798x1024.jpg\" alt=\"\" class=\"wp-image-992\"\/><\/figure>\n\n\n\n<p><em>Daqui para Natal, renovamos os desejos (hoje e sempre) de muita sa\u00fade, paz, vit\u00f3rias e felicidades para a bel\u00edssima Engenheira Ambiental, Lorna Falc\u00e3o, senhora Yatagan Janja. Feliz anivers\u00e1rio Lorninha!<\/em><\/p>\n\n\n\n<p><\/p>\n\n\n\n<p><\/p>\n\n\n\n<div class=\"wp-block-columns is-layout-flex wp-container-core-columns-is-layout-9d6595d7 wp-block-columns-is-layout-flex\">\n<div class=\"wp-block-column is-layout-flow wp-block-column-is-layout-flow\" style=\"flex-basis:100%\">\n<figure class=\"wp-block-image size-large\"><img decoding=\"async\" src=\"https:\/\/marilenepaiva.com\/wp-content\/uploads\/2023\/10\/f2-noguchi-filho-e-ediane-1-532x1024.jpg\" alt=\"\" class=\"wp-image-993\"\/><\/figure>\n<\/div>\n<\/div>\n\n\n\n<p><em>O advogato Jer\u00f4nimo Noguchi Filho apaga velinhas hoje e ganha os mimos da sua esposa toda linda Ediane Fernandes Rosado. Tintin meus amores!<\/em><\/p>\n\n\n\n<p><\/p>\n\n\n\n<p><\/p>\n\n\n\n<div class=\"wp-block-columns is-layout-flex wp-container-core-columns-is-layout-9d6595d7 wp-block-columns-is-layout-flex\">\n<div class=\"wp-block-column is-layout-flow wp-block-column-is-layout-flow\" style=\"flex-basis:100%\">\n<figure class=\"wp-block-image size-large\"><img decoding=\"async\" src=\"https:\/\/marilenepaiva.com\/wp-content\/uploads\/2023\/10\/f3-vera-nubia-1-405x1024.jpg\" alt=\"\" class=\"wp-image-994\"\/><\/figure>\n<\/div>\n<\/div>\n\n\n\n<p><em>Hoje tem sess\u00e3o bolo confeitado na loja Chica Ful\u00f4 do Boulevard. A bacana Vera N\u00fabia Oliveira festeja idade nova. Parab\u00e9ns Nubinha!<\/em><\/p>\n\n\n\n<p><\/p>\n\n\n\n<p><\/p>\n\n\n\n<div class=\"wp-block-columns is-layout-flex wp-container-core-columns-is-layout-9d6595d7 wp-block-columns-is-layout-flex\">\n<div class=\"wp-block-column is-layout-flow wp-block-column-is-layout-flow\" style=\"flex-basis:100%\">\n<figure class=\"wp-block-image size-large\"><img decoding=\"async\" src=\"https:\/\/marilenepaiva.com\/wp-content\/uploads\/2023\/10\/f4-isadora-fonseca-493x1024.jpg\" alt=\"\" class=\"wp-image-995\"\/><\/figure>\n<\/div>\n<\/div>\n\n\n\n<p><em>A fisioterapeuta atleta Isadora Fonseca \u00e9 a aniversariante muito festejada de hoje. Ganha os abra\u00e7os do paiz\u00e3o Walter Fonseca, dos irm\u00e3os Walter Jr e Kadu e do amado Jo\u00e3o Gentil. Sa\u00fade, paz e alegrias.<\/em><\/p>\n\n\n\n<p><\/p>\n\n\n\n<p><\/p>\n\n\n\n<div class=\"wp-block-columns is-layout-flex wp-container-core-columns-is-layout-9d6595d7 wp-block-columns-is-layout-flex\">\n<div class=\"wp-block-column is-layout-flow wp-block-column-is-layout-flow\" style=\"flex-basis:100%\">\n<figure class=\"wp-block-image size-full\"><img decoding=\"async\" src=\"https:\/\/marilenepaiva.com\/wp-content\/uploads\/2023\/10\/F5-ABIEL.jpg\" alt=\"\" class=\"wp-image-996\"\/><\/figure>\n<\/div>\n<\/div>\n\n\n\n<p><em>Com muita anima\u00e7\u00e3o e um carisma sem igual o cantor Abiel apresentou-se na IV FEMULTI, em Apodi. Sucesso total de p\u00fablico e cr\u00edtica. Agradou tanto que um show foi pouco para a popula\u00e7\u00e3o que levou o cantor para cantar \u00e0 capela no mercado da cidade e j\u00e1 pediu \u201creplay\u201d no carnaval.<\/em><\/p>\n\n\n\n<p><\/p>\n\n\n\n<p><\/p>\n\n\n\n<div class=\"wp-block-columns is-layout-flex wp-container-core-columns-is-layout-9d6595d7 wp-block-columns-is-layout-flex\">\n<div class=\"wp-block-column is-layout-flow wp-block-column-is-layout-flow\" style=\"flex-basis:100%\">\n<figure class=\"wp-block-image size-large\"><img decoding=\"async\" src=\"https:\/\/marilenepaiva.com\/wp-content\/uploads\/2023\/10\/F6-LUCAS-SILVEIA-576x1024.jpg\" alt=\"\" class=\"wp-image-997\"\/><\/figure>\n<\/div>\n<\/div>\n\n\n\n<p><em>A vereadora J\u00falia Arruda (PCdoB) \u00e9 a propositora da solenidade que homenagear\u00e1 os cerimonialistas, dia 30, em Natal. Entre os agraciados est\u00e1 o querido Lucas Silveira, Chefe do Cerimonial da Prefeitura de Mossor\u00f3.<\/em><\/p>\n","protected":false},"excerpt":{"rendered":"<p>ORPHEU Como \u00e9 por dentro outra pessoaQuem \u00e9 que o saber\u00e1 sonhar?A alma de outrem \u00e9 outro universoCom que n\u00e3o h\u00e1 comunica\u00e7\u00e3o poss\u00edvel,Com que n\u00e3o h\u00e1 verdadeiro entendimento.&nbsp;Nada sabemos da almaSen\u00e3o da nossa;As dos outros s\u00e3o olhares,S\u00e3o gestos, s\u00e3o palavras,Com a suposi\u00e7\u00e3o de qualquer semelhan\u00e7aNo fundo.&nbsp;Fernando Pessoa CERIMONIALISTA A C\u00e2mara Municipal de Natal vai prestar [&hellip;]<\/p>\n","protected":false},"author":1,"featured_media":0,"comment_status":"open","ping_status":"open","sticky":true,"template":"","format":"standard","meta":{"footnotes":""},"categories":[3],"tags":[],"class_list":["post-990","post","type-post","status-publish","format-standard","hentry","category-colunas"],"_links":{"self":[{"href":"https:\/\/marilenepaiva.com\/index.php?rest_route=\/wp\/v2\/posts\/990","targetHints":{"allow":["GET"]}}],"collection":[{"href":"https:\/\/marilenepaiva.com\/index.php?rest_route=\/wp\/v2\/posts"}],"about":[{"href":"https:\/\/marilenepaiva.com\/index.php?rest_route=\/wp\/v2\/types\/post"}],"author":[{"embeddable":true,"href":"https:\/\/marilenepaiva.com\/index.php?rest_route=\/wp\/v2\/users\/1"}],"replies":[{"embeddable":true,"href":"https:\/\/marilenepaiva.com\/index.php?rest_route=%2Fwp%2Fv2%2Fcomments&post=990"}],"version-history":[{"count":3,"href":"https:\/\/marilenepaiva.com\/index.php?rest_route=\/wp\/v2\/posts\/990\/revisions"}],"predecessor-version":[{"id":1002,"href":"https:\/\/marilenepaiva.com\/index.php?rest_route=\/wp\/v2\/posts\/990\/revisions\/1002"}],"wp:attachment":[{"href":"https:\/\/marilenepaiva.com\/index.php?rest_route=%2Fwp%2Fv2%2Fmedia&parent=990"}],"wp:term":[{"taxonomy":"category","embeddable":true,"href":"https:\/\/marilenepaiva.com\/index.php?rest_route=%2Fwp%2Fv2%2Fcategories&post=990"},{"taxonomy":"post_tag","embeddable":true,"href":"https:\/\/marilenepaiva.com\/index.php?rest_route=%2Fwp%2Fv2%2Ftags&post=990"}],"curies":[{"name":"wp","href":"https:\/\/api.w.org\/{rel}","templated":true}]}}